
{"id":82302,"date":"2019-09-13T20:59:48","date_gmt":"2019-09-13T23:59:48","guid":{"rendered":"https:\/\/www.sudoestehoje.com.br\/novoportal\/?p=82302"},"modified":"2019-09-13T21:25:31","modified_gmt":"2019-09-14T00:25:31","slug":"regiao-misterio-envolve-assassinato-de-mineira-no-interior-da-bahia","status":"publish","type":"post","link":"https:\/\/www.sudoestehoje.com.br\/novoportal\/2019\/09\/13\/regiao-misterio-envolve-assassinato-de-mineira-no-interior-da-bahia\/","title":{"rendered":"REGI\u00c3O: MIST\u00c9RIO ENVOLVE ASSASSINATO DE MODELO MINEIRA NO INTERIOR DA BAHIA"},"content":{"rendered":"<p><a href=\"https:\/\/www.sudoestehoje.com.br\/novoportal\/wp-content\/uploads\/2019\/09\/LARISSA-1.jpg\"><img loading=\"lazy\" decoding=\"async\" class=\"aligncenter size-medium wp-image-82303\" src=\"https:\/\/www.sudoestehoje.com.br\/novoportal\/wp-content\/uploads\/2019\/09\/LARISSA-1-500x333.jpg\" alt=\"\" width=\"500\" height=\"333\" srcset=\"https:\/\/www.sudoestehoje.com.br\/novoportal\/wp-content\/uploads\/2019\/09\/LARISSA-1-500x333.jpg 500w, https:\/\/www.sudoestehoje.com.br\/novoportal\/wp-content\/uploads\/2019\/09\/LARISSA-1.jpg 600w\" sizes=\"auto, (max-width: 500px) 100vw, 500px\" \/><\/a><\/p>\n<p class=\"bodytext\">A delegacia de\u00a0Pol\u00edcia Civil\u00a0de Planalto, no Sudoeste baiano, confirmou, na tarde desta sexta-feira (13), que o corpo de uma\u00a0mulher\u00a0encontrado na zona rural do munic\u00edpio \u00e9 da jovem Larissa Silva Fran\u00e7a, de 29 anos, natural de\u00a0Montes Claros, no Norte de Minas. Segundo o jornal Estado de Minas, a\u00a0pol\u00edcia informou que a causa da morte ainda est\u00e1 sendo investigada, mas a suspeita \u00e9 que a jovem tenha sido assassinada a facadas. Larissa tornou-se conhecida em Montes Claros por gravar v\u00eddeos, exibidos em alguns sites na internet. H\u00e1 algum tempo, estava morando em Vit\u00f3ria da Conquista.<\/p>\n<p class=\"bodytext\">O jornal informou que em 2 de setembro a jovem\u00a0estava sendo aguardada pela\u00a0fam\u00edlia\u00a0em Montes Claros, mas n\u00e3o apareceu tamb\u00e9m. Desde a data, n\u00e3o postou nada nas redes sociais. Na semana passada, os parentes de\u00a0Larissa\u00a0decidiram deslocar at\u00e9 Vit\u00f3ria da Conquista (a 470 quil\u00f4metros de Montes Claros) \u00e0 procura da mo\u00e7a.<\/p>\n<p>No \u00faltimo dia 5, ainda de acordo com o Estado de Minas,\u00a0foi encontrado um corpo de uma\u00a0mulher\u00a0\u00e0 beira da uma estrada vicinal, perto da comunidade de Lucaia, no munic\u00edpio de Planalto, que fica a 70 quil\u00f4metros de Vitoria da Conquista. No entanto, n\u00e3o foi feita a identifica\u00e7\u00e3o imediata, pois o corpo estava em estado avan\u00e7ado de decomposi\u00e7\u00e3o. Foram necess\u00e1rios\u00a0exames periciais pelo Instituto Medico Legal (IML).<\/p>\n<p class=\"bodytext\"><a href=\"https:\/\/www.sudoestehoje.com.br\/novoportal\/wp-content\/uploads\/2019\/09\/LARISSA-2.jpg\"><img loading=\"lazy\" decoding=\"async\" class=\"aligncenter size-medium wp-image-82304\" src=\"https:\/\/www.sudoestehoje.com.br\/novoportal\/wp-content\/uploads\/2019\/09\/LARISSA-2-500x333.jpg\" alt=\"\" width=\"500\" height=\"333\" srcset=\"https:\/\/www.sudoestehoje.com.br\/novoportal\/wp-content\/uploads\/2019\/09\/LARISSA-2-500x333.jpg 500w, https:\/\/www.sudoestehoje.com.br\/novoportal\/wp-content\/uploads\/2019\/09\/LARISSA-2.jpg 600w\" sizes=\"auto, (max-width: 500px) 100vw, 500px\" \/><\/a><br \/>\nNesta sexta-feira (13), a fam\u00edlia da jovem confirmou junto ao IML que o corpo \u00e9 de Larissa Fran\u00e7a. Uma irm\u00e3 dela publicou uma mensagem em uma rede social confirmando a morte da jovem, \u00e0 qual prestou homenagem. Ainda ser\u00e1 providenciado o traslado para o sepultamento em Montes Claros.<\/p>\n<p>De acordo com o jornal, a morte de Larissa ainda \u00e9 um mist\u00e9rio. O corpo apresentava sinais de facadas. Respons\u00e1vel pela apura\u00e7\u00e3o, a delegacia civil de Planalto alegou ainda que n\u00e3o pode adiantar nada sobre o caso. Mas, de acordo com fonte da pol\u00edcia, as investiga\u00e7\u00f5es est\u00e3o bastante adiantadas. A suspeita \u00e9 que a jovem tinha sido morta em Vit\u00f3ria da Conquista e, em seguida, o corpo foi transportado e jogado a beira da estrada vicinal, na comunidade de Lucaia. <em><strong>\/\/Correio<\/strong><\/em><\/p>\n","protected":false},"excerpt":{"rendered":"<p>A delegacia de\u00a0Pol\u00edcia Civil\u00a0de Planalto, no Sudoeste baiano, confirmou, na tarde desta sexta-feira (13), que o corpo de uma\u00a0mulher\u00a0encontrado na zona rural do munic\u00edpio \u00e9 da jovem Larissa Silva Fran\u00e7a, de 29 anos, natural de\u00a0Montes Claros, no Norte de Minas. Segundo o jornal Estado de Minas, a\u00a0pol\u00edcia informou que a causa da morte ainda est\u00e1 [&hellip;]<\/p>\n","protected":false},"author":2,"featured_media":82303,"comment_status":"open","ping_status":"open","sticky":false,"template":"","format":"standard","meta":{"footnotes":"","_links_to":"","_links_to_target":""},"categories":[1],"tags":[],"class_list":["post-82302","post","type-post","status-publish","format-standard","has-post-thumbnail","hentry","category-geral"],"views":1489,"_links":{"self":[{"href":"https:\/\/www.sudoestehoje.com.br\/novoportal\/wp-json\/wp\/v2\/posts\/82302","targetHints":{"allow":["GET"]}}],"collection":[{"href":"https:\/\/www.sudoestehoje.com.br\/novoportal\/wp-json\/wp\/v2\/posts"}],"about":[{"href":"https:\/\/www.sudoestehoje.com.br\/novoportal\/wp-json\/wp\/v2\/types\/post"}],"author":[{"embeddable":true,"href":"https:\/\/www.sudoestehoje.com.br\/novoportal\/wp-json\/wp\/v2\/users\/2"}],"replies":[{"embeddable":true,"href":"https:\/\/www.sudoestehoje.com.br\/novoportal\/wp-json\/wp\/v2\/comments?post=82302"}],"version-history":[{"count":2,"href":"https:\/\/www.sudoestehoje.com.br\/novoportal\/wp-json\/wp\/v2\/posts\/82302\/revisions"}],"predecessor-version":[{"id":82306,"href":"https:\/\/www.sudoestehoje.com.br\/novoportal\/wp-json\/wp\/v2\/posts\/82302\/revisions\/82306"}],"wp:featuredmedia":[{"embeddable":true,"href":"https:\/\/www.sudoestehoje.com.br\/novoportal\/wp-json\/wp\/v2\/media\/82303"}],"wp:attachment":[{"href":"https:\/\/www.sudoestehoje.com.br\/novoportal\/wp-json\/wp\/v2\/media?parent=82302"}],"wp:term":[{"taxonomy":"category","embeddable":true,"href":"https:\/\/www.sudoestehoje.com.br\/novoportal\/wp-json\/wp\/v2\/categories?post=82302"},{"taxonomy":"post_tag","embeddable":true,"href":"https:\/\/www.sudoestehoje.com.br\/novoportal\/wp-json\/wp\/v2\/tags?post=82302"}],"curies":[{"name":"wp","href":"https:\/\/api.w.org\/{rel}","templated":true}]}}