
{"id":82296,"date":"2019-09-13T18:31:33","date_gmt":"2019-09-13T21:31:33","guid":{"rendered":"https:\/\/www.sudoestehoje.com.br\/novoportal\/?p=82296"},"modified":"2019-09-13T20:27:10","modified_gmt":"2019-09-13T23:27:10","slug":"nota-de-falecimento-lucia-valverde","status":"publish","type":"post","link":"https:\/\/www.sudoestehoje.com.br\/novoportal\/2019\/09\/13\/nota-de-falecimento-lucia-valverde\/","title":{"rendered":"NOTA DE FALECIMENTO &#8211; ANA L\u00daCIA VALVERDE"},"content":{"rendered":"<p><a href=\"https:\/\/www.sudoestehoje.com.br\/novoportal\/wp-content\/uploads\/2019\/09\/lucia-valverde.jpg\"><img loading=\"lazy\" decoding=\"async\" class=\"aligncenter size-medium wp-image-82297\" src=\"https:\/\/www.sudoestehoje.com.br\/novoportal\/wp-content\/uploads\/2019\/09\/lucia-valverde-500x500.jpg\" alt=\"\" width=\"500\" height=\"500\" srcset=\"https:\/\/www.sudoestehoje.com.br\/novoportal\/wp-content\/uploads\/2019\/09\/lucia-valverde-500x500.jpg 500w, https:\/\/www.sudoestehoje.com.br\/novoportal\/wp-content\/uploads\/2019\/09\/lucia-valverde-150x150.jpg 150w, https:\/\/www.sudoestehoje.com.br\/novoportal\/wp-content\/uploads\/2019\/09\/lucia-valverde-700x700.jpg 700w, https:\/\/www.sudoestehoje.com.br\/novoportal\/wp-content\/uploads\/2019\/09\/lucia-valverde.jpg 720w\" sizes=\"auto, (max-width: 500px) 100vw, 500px\" \/><\/a><\/p>\n<p>Comunicamos o falecimento da Sra. L\u00facia Valverde, 69 anos, m\u00e3e do empres\u00e1rio itapetinguense Marcio Valverde.<\/p>\n<p>Segundo informa\u00e7\u00f5es da fam\u00edlia, L\u00facia estava internada no Hospital Calixto Midlej, na cidade de Itabuna, vindo a falecer na manh\u00e3 desta sexta-feira (13), de causas naturais.<\/p>\n<p>O corpo est\u00e1 sendo velado na pr\u00f3pria resid\u00eancia da fam\u00edlia, pr\u00f3ximo \u00e0 Pra\u00e7a Monte Castelo, em Itapetinga. O sepultamento ser\u00e1 neste s\u00e1bado, \u00e0s 15h, no Cemit\u00e9rio Parque da Eternidade, na Nova Itapetinga.<\/p>\n<p>O Sudoeste Hoje manifesta ao amigo Marcio Valverde e demais familiares, o seu pesar pela perda irrepar\u00e1vel.<\/p>\n<p><strong><em>Davi Ferraz &#8211; Editor<\/em><\/strong><\/p>\n","protected":false},"excerpt":{"rendered":"<p>Comunicamos o falecimento da Sra. L\u00facia Valverde, 69 anos, m\u00e3e do empres\u00e1rio itapetinguense Marcio Valverde. Segundo informa\u00e7\u00f5es da fam\u00edlia, L\u00facia estava internada no Hospital Calixto Midlej, na cidade de Itabuna, vindo a falecer na manh\u00e3 desta sexta-feira (13), de causas naturais. O corpo est\u00e1 sendo velado na pr\u00f3pria resid\u00eancia da fam\u00edlia, pr\u00f3ximo \u00e0 Pra\u00e7a Monte [&hellip;]<\/p>\n","protected":false},"author":2,"featured_media":82297,"comment_status":"open","ping_status":"open","sticky":false,"template":"","format":"standard","meta":{"footnotes":"","_links_to":"","_links_to_target":""},"categories":[1],"tags":[],"class_list":["post-82296","post","type-post","status-publish","format-standard","has-post-thumbnail","hentry","category-geral"],"views":1001,"_links":{"self":[{"href":"https:\/\/www.sudoestehoje.com.br\/novoportal\/wp-json\/wp\/v2\/posts\/82296","targetHints":{"allow":["GET"]}}],"collection":[{"href":"https:\/\/www.sudoestehoje.com.br\/novoportal\/wp-json\/wp\/v2\/posts"}],"about":[{"href":"https:\/\/www.sudoestehoje.com.br\/novoportal\/wp-json\/wp\/v2\/types\/post"}],"author":[{"embeddable":true,"href":"https:\/\/www.sudoestehoje.com.br\/novoportal\/wp-json\/wp\/v2\/users\/2"}],"replies":[{"embeddable":true,"href":"https:\/\/www.sudoestehoje.com.br\/novoportal\/wp-json\/wp\/v2\/comments?post=82296"}],"version-history":[{"count":4,"href":"https:\/\/www.sudoestehoje.com.br\/novoportal\/wp-json\/wp\/v2\/posts\/82296\/revisions"}],"predecessor-version":[{"id":82301,"href":"https:\/\/www.sudoestehoje.com.br\/novoportal\/wp-json\/wp\/v2\/posts\/82296\/revisions\/82301"}],"wp:featuredmedia":[{"embeddable":true,"href":"https:\/\/www.sudoestehoje.com.br\/novoportal\/wp-json\/wp\/v2\/media\/82297"}],"wp:attachment":[{"href":"https:\/\/www.sudoestehoje.com.br\/novoportal\/wp-json\/wp\/v2\/media?parent=82296"}],"wp:term":[{"taxonomy":"category","embeddable":true,"href":"https:\/\/www.sudoestehoje.com.br\/novoportal\/wp-json\/wp\/v2\/categories?post=82296"},{"taxonomy":"post_tag","embeddable":true,"href":"https:\/\/www.sudoestehoje.com.br\/novoportal\/wp-json\/wp\/v2\/tags?post=82296"}],"curies":[{"name":"wp","href":"https:\/\/api.w.org\/{rel}","templated":true}]}}