
{"id":82286,"date":"2019-09-13T14:41:12","date_gmt":"2019-09-13T17:41:12","guid":{"rendered":"https:\/\/www.sudoestehoje.com.br\/novoportal\/?p=82286"},"modified":"2019-09-17T09:17:23","modified_gmt":"2019-09-17T12:17:23","slug":"itapetinga-assai-atacadista-confirma-inauguracao-para-o-mes-de-dezembro","status":"publish","type":"post","link":"https:\/\/www.sudoestehoje.com.br\/novoportal\/2019\/09\/13\/itapetinga-assai-atacadista-confirma-inauguracao-para-o-mes-de-dezembro\/","title":{"rendered":"ITAPETINGA: ASSA\u00cd ATACADISTA CONFIRMA INAUGURA\u00c7\u00c3O PARA O M\u00caS DE DEZEMBRO"},"content":{"rendered":"<p><a href=\"https:\/\/www.sudoestehoje.com.br\/novoportal\/wp-content\/uploads\/2019\/09\/assai-itapetinga-2.jpg\"><img loading=\"lazy\" decoding=\"async\" class=\"aligncenter size-medium wp-image-82287\" src=\"https:\/\/www.sudoestehoje.com.br\/novoportal\/wp-content\/uploads\/2019\/09\/assai-itapetinga-2-500x333.jpg\" alt=\"\" width=\"500\" height=\"333\" srcset=\"https:\/\/www.sudoestehoje.com.br\/novoportal\/wp-content\/uploads\/2019\/09\/assai-itapetinga-2-500x333.jpg 500w, https:\/\/www.sudoestehoje.com.br\/novoportal\/wp-content\/uploads\/2019\/09\/assai-itapetinga-2-768x512.jpg 768w, https:\/\/www.sudoestehoje.com.br\/novoportal\/wp-content\/uploads\/2019\/09\/assai-itapetinga-2-700x467.jpg 700w, https:\/\/www.sudoestehoje.com.br\/novoportal\/wp-content\/uploads\/2019\/09\/assai-itapetinga-2.jpg 1500w\" sizes=\"auto, (max-width: 500px) 100vw, 500px\" \/><\/a><\/p>\n<p>Em contato com o engenheiro chefe das obras de constru\u00e7\u00e3o da unidade do Assa\u00ed Atacadista em Itapetinga, o <em><strong>Sudoeste Hoje<\/strong><\/em> foi informado, em primeira m\u00e3o, que a inaugura\u00e7\u00e3o da loja no munic\u00edpio est\u00e1 prevista para o m\u00eas de dezembro deste ano de 2019.<\/p>\n<p>Segundo o engenheiro, a data mais prov\u00e1vel para a abertura da loja ser\u00e1 <strong><em>19 de dezembro<\/em><\/strong>, v\u00e9spera do Natal.<\/p>\n<p>As obras de terraplenagem do terreno que fica ao lado do bairro Recanto da Colina, margeando a BA-263, j\u00e1 est\u00e3o praticamente conclu\u00eddas e a montagem da estrutura met\u00e1lica deve ter in\u00edcio em outubro.<\/p>\n<p>Ao lado o Assa\u00ed Atacadista ser\u00e1 tamb\u00e9m instalada uma unidade da loja Le Biscuit que atua no ramo de variedades e utilidades dom\u00e9sticas.\u00a0A previs\u00e3o \u00e9 de que o complexo Assa\u00ed em Itapetinga gere cerca de 500 empregos, diretos e indiretos.<\/p>\n<p>As obras est\u00e3o a cargo da Construtora Andr\u00e9 Guimar\u00e3es.<\/p>\n<p><strong><em>Por Davi Ferraz<\/em><\/strong><\/p>\n","protected":false},"excerpt":{"rendered":"<p>Em contato com o engenheiro chefe das obras de constru\u00e7\u00e3o da unidade do Assa\u00ed Atacadista em Itapetinga, o Sudoeste Hoje foi informado, em primeira m\u00e3o, que a inaugura\u00e7\u00e3o da loja no munic\u00edpio est\u00e1 prevista para o m\u00eas de dezembro deste ano de 2019. Segundo o engenheiro, a data mais prov\u00e1vel para a abertura da loja [&hellip;]<\/p>\n","protected":false},"author":2,"featured_media":82287,"comment_status":"open","ping_status":"open","sticky":false,"template":"","format":"standard","meta":{"footnotes":"","_links_to":"","_links_to_target":""},"categories":[1],"tags":[],"class_list":["post-82286","post","type-post","status-publish","format-standard","has-post-thumbnail","hentry","category-geral"],"views":2038,"_links":{"self":[{"href":"https:\/\/www.sudoestehoje.com.br\/novoportal\/wp-json\/wp\/v2\/posts\/82286","targetHints":{"allow":["GET"]}}],"collection":[{"href":"https:\/\/www.sudoestehoje.com.br\/novoportal\/wp-json\/wp\/v2\/posts"}],"about":[{"href":"https:\/\/www.sudoestehoje.com.br\/novoportal\/wp-json\/wp\/v2\/types\/post"}],"author":[{"embeddable":true,"href":"https:\/\/www.sudoestehoje.com.br\/novoportal\/wp-json\/wp\/v2\/users\/2"}],"replies":[{"embeddable":true,"href":"https:\/\/www.sudoestehoje.com.br\/novoportal\/wp-json\/wp\/v2\/comments?post=82286"}],"version-history":[{"count":1,"href":"https:\/\/www.sudoestehoje.com.br\/novoportal\/wp-json\/wp\/v2\/posts\/82286\/revisions"}],"predecessor-version":[{"id":82288,"href":"https:\/\/www.sudoestehoje.com.br\/novoportal\/wp-json\/wp\/v2\/posts\/82286\/revisions\/82288"}],"wp:featuredmedia":[{"embeddable":true,"href":"https:\/\/www.sudoestehoje.com.br\/novoportal\/wp-json\/wp\/v2\/media\/82287"}],"wp:attachment":[{"href":"https:\/\/www.sudoestehoje.com.br\/novoportal\/wp-json\/wp\/v2\/media?parent=82286"}],"wp:term":[{"taxonomy":"category","embeddable":true,"href":"https:\/\/www.sudoestehoje.com.br\/novoportal\/wp-json\/wp\/v2\/categories?post=82286"},{"taxonomy":"post_tag","embeddable":true,"href":"https:\/\/www.sudoestehoje.com.br\/novoportal\/wp-json\/wp\/v2\/tags?post=82286"}],"curies":[{"name":"wp","href":"https:\/\/api.w.org\/{rel}","templated":true}]}}