
{"id":8227,"date":"2011-09-05T20:07:44","date_gmt":"2011-09-05T23:07:44","guid":{"rendered":"http:\/\/www.sudoestehoje.com.br\/novoportal\/?p=8227"},"modified":"2011-09-05T20:16:59","modified_gmt":"2011-09-05T23:16:59","slug":"morre-em-vitoria-da-conquista-o-contador-deusdete","status":"publish","type":"post","link":"https:\/\/www.sudoestehoje.com.br\/novoportal\/2011\/09\/05\/morre-em-vitoria-da-conquista-o-contador-deusdete\/","title":{"rendered":"MORRE EM VIT\u00d3RIA DA CONQUISTA O CONTADOR DEUSDETE"},"content":{"rendered":"<p style=\"text-align: center;\"><img decoding=\"async\" class=\"aligncenter\" src=\"http:\/\/www.blogdoanderson.com\/v2\/wp-content\/uploads\/deusdete.jpg\" alt=\"\" width=\"500\" \/><\/p>\n<p>O Blog do Anderson, de Vit\u00f3ria da Conquista, tr\u00e1s uma nota comunicando o falecimento do itapetinguense Deusdete da Silva Reis, que h\u00e1 anos residia e trabalhava em Vit\u00f3ria da Conquista. De acordo com o o blog, o falecimento de Deusdete foi informado pelo ex-vereador Paulo Brito, e que teria ocorrido na noite deste domingo (5), data do seu anivers\u00e1rio.\u00a0O corpo est\u00e1 sendo velado na capelinha do Hospital S\u00e3o Vicente. O sepultamento ser\u00e1 amanh\u00e3 \u00e0s 09h no Cemit\u00e9rio da Saudade.\u00a0Deusdete era contador e trabalhava na Contabilidade Status.<\/p>\n","protected":false},"excerpt":{"rendered":"<p>O Blog do Anderson, de Vit\u00f3ria da Conquista, tr\u00e1s uma nota comunicando o falecimento do itapetinguense Deusdete da Silva Reis, que h\u00e1 anos residia e trabalhava em Vit\u00f3ria da Conquista. De acordo com o o blog, o falecimento de Deusdete foi informado pelo ex-vereador Paulo Brito, e que teria ocorrido na noite deste domingo (5), [&hellip;]<\/p>\n","protected":false},"author":2,"featured_media":0,"comment_status":"open","ping_status":"open","sticky":false,"template":"","format":"standard","meta":{"footnotes":"","_links_to":"","_links_to_target":""},"categories":[1],"tags":[],"class_list":["post-8227","post","type-post","status-publish","format-standard","hentry","category-geral"],"views":1945,"_links":{"self":[{"href":"https:\/\/www.sudoestehoje.com.br\/novoportal\/wp-json\/wp\/v2\/posts\/8227","targetHints":{"allow":["GET"]}}],"collection":[{"href":"https:\/\/www.sudoestehoje.com.br\/novoportal\/wp-json\/wp\/v2\/posts"}],"about":[{"href":"https:\/\/www.sudoestehoje.com.br\/novoportal\/wp-json\/wp\/v2\/types\/post"}],"author":[{"embeddable":true,"href":"https:\/\/www.sudoestehoje.com.br\/novoportal\/wp-json\/wp\/v2\/users\/2"}],"replies":[{"embeddable":true,"href":"https:\/\/www.sudoestehoje.com.br\/novoportal\/wp-json\/wp\/v2\/comments?post=8227"}],"version-history":[{"count":4,"href":"https:\/\/www.sudoestehoje.com.br\/novoportal\/wp-json\/wp\/v2\/posts\/8227\/revisions"}],"predecessor-version":[{"id":8230,"href":"https:\/\/www.sudoestehoje.com.br\/novoportal\/wp-json\/wp\/v2\/posts\/8227\/revisions\/8230"}],"wp:attachment":[{"href":"https:\/\/www.sudoestehoje.com.br\/novoportal\/wp-json\/wp\/v2\/media?parent=8227"}],"wp:term":[{"taxonomy":"category","embeddable":true,"href":"https:\/\/www.sudoestehoje.com.br\/novoportal\/wp-json\/wp\/v2\/categories?post=8227"},{"taxonomy":"post_tag","embeddable":true,"href":"https:\/\/www.sudoestehoje.com.br\/novoportal\/wp-json\/wp\/v2\/tags?post=8227"}],"curies":[{"name":"wp","href":"https:\/\/api.w.org\/{rel}","templated":true}]}}