
{"id":8222,"date":"2011-09-05T19:49:23","date_gmt":"2011-09-05T22:49:23","guid":{"rendered":"http:\/\/www.sudoestehoje.com.br\/novoportal\/?p=8222"},"modified":"2011-09-05T19:49:23","modified_gmt":"2011-09-05T22:49:23","slug":"temoteo-brito-alan-sanches-e-ivana-bastos-sao-expulsos-do-pmdb","status":"publish","type":"post","link":"https:\/\/www.sudoestehoje.com.br\/novoportal\/2011\/09\/05\/temoteo-brito-alan-sanches-e-ivana-bastos-sao-expulsos-do-pmdb\/","title":{"rendered":"TEM\u00d3TEO BRITO, ALAN SANCHES E IVANA BASTOS S\u00c3O EXPULSOS DO PMDB"},"content":{"rendered":"<p style=\"text-align: center;\"><img decoding=\"async\" src=\"http:\/\/www.bahianoticias.com.br\/fotos\/editor\/Image\/FOTOS%20NOVAS\/temoteo_brito_alan_sanches_ivana_bastos_380x280.jpg\" alt=\"\" \/><\/p>\n<p style=\"text-align: center;\"><em><strong>Os deputados estaduais\u00a0Tem\u00f3teo, Sanches e Ivana n\u00e3o seguiram orienta\u00e7\u00e3o partid\u00e1ria na vota\u00e7\u00e3o do Planserv<\/strong><\/em><\/p>\n<p>Os deputados estaduais Alan Sanches, Ivana Bastos e Tem\u00f3teo Brito foram expulsos do PMDB, nesta segunda-feira (5), ap\u00f3s decis\u00e3o un\u00e2nime do Conselho de \u00c9tica do partido. Em nota enviada \u00e0 imprensa, a Executiva estadual da legenda afirmou que a decis\u00e3o teve como base as notas taquigr\u00e1ficas\u00a0da vota\u00e7\u00e3o que aprovou a altera\u00e7\u00e3o das normas do Planserv, na \u00faltima quarta (31), na Assembleia Legislativa da Bahia.<\/p>\n<p>Os tr\u00eas parlamentares, que j\u00e1 est\u00e3o com as fichas de filia\u00e7\u00e3o do PSD nas m\u00e3os, votaram a favor da\u00a0proposta do governo da Bahia, &#8220;desobedecendo a orienta\u00e7\u00e3o do vice-presidente da Assembleia Legislativa, deputado Leur Lomanto Jr., e do l\u00edder da bancada do PMDB na Casa, deputado Luciano Sim\u00f5es, conforme o partido j\u00e1 havia fechado quest\u00e3o\u201d. \u201cO PMDB reitera a oposi\u00e7\u00e3o\u00a0\u00e0 atual gest\u00e3o do governo do Estado e ao projeto que altera as normas do Planserv\u201d, completa a nota. BN<\/p>\n","protected":false},"excerpt":{"rendered":"<p>Os deputados estaduais\u00a0Tem\u00f3teo, Sanches e Ivana n\u00e3o seguiram orienta\u00e7\u00e3o partid\u00e1ria na vota\u00e7\u00e3o do Planserv Os deputados estaduais Alan Sanches, Ivana Bastos e Tem\u00f3teo Brito foram expulsos do PMDB, nesta segunda-feira (5), ap\u00f3s decis\u00e3o un\u00e2nime do Conselho de \u00c9tica do partido. Em nota enviada \u00e0 imprensa, a Executiva estadual da legenda afirmou que a decis\u00e3o teve [&hellip;]<\/p>\n","protected":false},"author":2,"featured_media":0,"comment_status":"open","ping_status":"open","sticky":false,"template":"","format":"standard","meta":{"footnotes":"","_links_to":"","_links_to_target":""},"categories":[1],"tags":[],"class_list":["post-8222","post","type-post","status-publish","format-standard","hentry","category-geral"],"views":1488,"_links":{"self":[{"href":"https:\/\/www.sudoestehoje.com.br\/novoportal\/wp-json\/wp\/v2\/posts\/8222","targetHints":{"allow":["GET"]}}],"collection":[{"href":"https:\/\/www.sudoestehoje.com.br\/novoportal\/wp-json\/wp\/v2\/posts"}],"about":[{"href":"https:\/\/www.sudoestehoje.com.br\/novoportal\/wp-json\/wp\/v2\/types\/post"}],"author":[{"embeddable":true,"href":"https:\/\/www.sudoestehoje.com.br\/novoportal\/wp-json\/wp\/v2\/users\/2"}],"replies":[{"embeddable":true,"href":"https:\/\/www.sudoestehoje.com.br\/novoportal\/wp-json\/wp\/v2\/comments?post=8222"}],"version-history":[{"count":4,"href":"https:\/\/www.sudoestehoje.com.br\/novoportal\/wp-json\/wp\/v2\/posts\/8222\/revisions"}],"predecessor-version":[{"id":8226,"href":"https:\/\/www.sudoestehoje.com.br\/novoportal\/wp-json\/wp\/v2\/posts\/8222\/revisions\/8226"}],"wp:attachment":[{"href":"https:\/\/www.sudoestehoje.com.br\/novoportal\/wp-json\/wp\/v2\/media?parent=8222"}],"wp:term":[{"taxonomy":"category","embeddable":true,"href":"https:\/\/www.sudoestehoje.com.br\/novoportal\/wp-json\/wp\/v2\/categories?post=8222"},{"taxonomy":"post_tag","embeddable":true,"href":"https:\/\/www.sudoestehoje.com.br\/novoportal\/wp-json\/wp\/v2\/tags?post=8222"}],"curies":[{"name":"wp","href":"https:\/\/api.w.org\/{rel}","templated":true}]}}