
{"id":82218,"date":"2019-09-11T18:27:59","date_gmt":"2019-09-11T21:27:59","guid":{"rendered":"https:\/\/www.sudoestehoje.com.br\/novoportal\/?p=82218"},"modified":"2019-09-11T18:28:47","modified_gmt":"2019-09-11T21:28:47","slug":"if-baiano-abre-processo-seletivo-para-cursos-tecnicos-265-vagas-para-itapetinga","status":"publish","type":"post","link":"https:\/\/www.sudoestehoje.com.br\/novoportal\/2019\/09\/11\/if-baiano-abre-processo-seletivo-para-cursos-tecnicos-265-vagas-para-itapetinga\/","title":{"rendered":"IF BAIANO ABRE PROCESSO SELETIVO PARA CURSOS T\u00c9CNICOS; 265 VAGAS PARA ITAPETINGA"},"content":{"rendered":"<p><a href=\"https:\/\/www.sudoestehoje.com.br\/novoportal\/wp-content\/uploads\/2019\/09\/IF-BAIANO-2019.2.jpg\"><img loading=\"lazy\" decoding=\"async\" class=\"aligncenter size-medium wp-image-82221\" src=\"https:\/\/www.sudoestehoje.com.br\/novoportal\/wp-content\/uploads\/2019\/09\/IF-BAIANO-2019.2-500x500.jpg\" alt=\"\" width=\"500\" height=\"500\" srcset=\"https:\/\/www.sudoestehoje.com.br\/novoportal\/wp-content\/uploads\/2019\/09\/IF-BAIANO-2019.2-500x500.jpg 500w, https:\/\/www.sudoestehoje.com.br\/novoportal\/wp-content\/uploads\/2019\/09\/IF-BAIANO-2019.2-150x150.jpg 150w, https:\/\/www.sudoestehoje.com.br\/novoportal\/wp-content\/uploads\/2019\/09\/IF-BAIANO-2019.2-768x768.jpg 768w, https:\/\/www.sudoestehoje.com.br\/novoportal\/wp-content\/uploads\/2019\/09\/IF-BAIANO-2019.2-700x700.jpg 700w, https:\/\/www.sudoestehoje.com.br\/novoportal\/wp-content\/uploads\/2019\/09\/IF-BAIANO-2019.2.jpg 960w\" sizes=\"auto, (max-width: 500px) 100vw, 500px\" \/><\/a><\/p>\n<p>De 23 de setembro a 3 de novembro de 2019, estar\u00e3o abertas inscri\u00e7\u00f5es do processo de ingresso de estudantes em cursos t\u00e9cnicos de n\u00edvel m\u00e9dio do Instituto Federal Baiano (IF Baiano), institui\u00e7\u00e3o presente em 15 cidades no estado. No\u00a0<em>Campus<\/em>\u00a0Itapetinga, est\u00e3o dispon\u00edveis cursos da forma integrada: Agropecu\u00e1ria (80 vagas), Meio Ambiente (80 vagas); e cursos da forma subsequente:\u00a0 Agropecu\u00e1ria (25 vagas),\u00a0 Alimentos (40 vagas) e Manuten\u00e7\u00e3o e Suporte em Inform\u00e1tica (40 vagas).<\/p>\n<p>Os cursos t\u00e9cnicos na forma Integrada ao Ensino M\u00e9dio s\u00e3o destinados a candidatos que conclu\u00edram, ou est\u00e3o concluindo, o Ensino Fundamental ou equivalente. Neste caso, o estudante faz o ensino m\u00e9dio junto com o profissionalizante dentro do IF Baiano. J\u00e1 os cursos t\u00e9cnicos na forma Subsequente s\u00e3o para quem j\u00e1 concluiu, ou est\u00e1 perto de concluir, o Ensino M\u00e9dio.<\/p>\n<p><strong>Como fazer a inscri\u00e7\u00e3o<\/strong><\/p>\n<p>Para se inscrever, os interessados devem acessar <a href=\"http:\/\/sele\u00e7\u00e3o If Baiano\"><strong>ingresso.ifbaiano.edu.br<\/strong><\/a> e preencher o cadastro on-line. Antes, \u00e9 recomendado que o candidato leia o\u00a0<strong>Edital 108\/2019<\/strong>\u00a0(para cursos da forma Integrada) e\u00a0<strong>Edital 109\/2019<\/strong>\u00a0(para cursos da forma Subsequente), onde est\u00e3o dispon\u00edveis todas as informa\u00e7\u00f5es do Processo de Ingresso.<\/p>\n<p>A taxa de inscri\u00e7\u00e3o \u00e9 no valor de valor de <strong>R$ 30,00 (trinta reais)<\/strong> e dever\u00e1 ser paga atrav\u00e9s de boleto gerado pelo sistema.<\/p>\n<p>Este ano, o processo de ingresso ter\u00e1 como m\u00e9todo de classifica\u00e7\u00e3o o Exame de Conhecimentos. As provas ser\u00e3o aplicadas no dia 1\u00ba de dezembro de 2019, no turno vespertino, nas cidades Alagoinhas, Bom Jesus da Lapa, Catu, Governador Mangabeira, Guanambi, Itaberaba, <strong><em>Itapetinga<\/em><\/strong>, Santa In\u00eas, Senhor do Bonfim, Serrinha, Teixeira de Freitas, Uru\u00e7uca, Valen\u00e7a e Xique-Xique<\/p>\n","protected":false},"excerpt":{"rendered":"<p>De 23 de setembro a 3 de novembro de 2019, estar\u00e3o abertas inscri\u00e7\u00f5es do processo de ingresso de estudantes em cursos t\u00e9cnicos de n\u00edvel m\u00e9dio do Instituto Federal Baiano (IF Baiano), institui\u00e7\u00e3o presente em 15 cidades no estado. No\u00a0Campus\u00a0Itapetinga, est\u00e3o dispon\u00edveis cursos da forma integrada: Agropecu\u00e1ria (80 vagas), Meio Ambiente (80 vagas); e cursos da [&hellip;]<\/p>\n","protected":false},"author":2,"featured_media":82221,"comment_status":"open","ping_status":"open","sticky":false,"template":"","format":"standard","meta":{"footnotes":"","_links_to":"","_links_to_target":""},"categories":[1],"tags":[],"class_list":["post-82218","post","type-post","status-publish","format-standard","has-post-thumbnail","hentry","category-geral"],"views":868,"_links":{"self":[{"href":"https:\/\/www.sudoestehoje.com.br\/novoportal\/wp-json\/wp\/v2\/posts\/82218","targetHints":{"allow":["GET"]}}],"collection":[{"href":"https:\/\/www.sudoestehoje.com.br\/novoportal\/wp-json\/wp\/v2\/posts"}],"about":[{"href":"https:\/\/www.sudoestehoje.com.br\/novoportal\/wp-json\/wp\/v2\/types\/post"}],"author":[{"embeddable":true,"href":"https:\/\/www.sudoestehoje.com.br\/novoportal\/wp-json\/wp\/v2\/users\/2"}],"replies":[{"embeddable":true,"href":"https:\/\/www.sudoestehoje.com.br\/novoportal\/wp-json\/wp\/v2\/comments?post=82218"}],"version-history":[{"count":2,"href":"https:\/\/www.sudoestehoje.com.br\/novoportal\/wp-json\/wp\/v2\/posts\/82218\/revisions"}],"predecessor-version":[{"id":82222,"href":"https:\/\/www.sudoestehoje.com.br\/novoportal\/wp-json\/wp\/v2\/posts\/82218\/revisions\/82222"}],"wp:featuredmedia":[{"embeddable":true,"href":"https:\/\/www.sudoestehoje.com.br\/novoportal\/wp-json\/wp\/v2\/media\/82221"}],"wp:attachment":[{"href":"https:\/\/www.sudoestehoje.com.br\/novoportal\/wp-json\/wp\/v2\/media?parent=82218"}],"wp:term":[{"taxonomy":"category","embeddable":true,"href":"https:\/\/www.sudoestehoje.com.br\/novoportal\/wp-json\/wp\/v2\/categories?post=82218"},{"taxonomy":"post_tag","embeddable":true,"href":"https:\/\/www.sudoestehoje.com.br\/novoportal\/wp-json\/wp\/v2\/tags?post=82218"}],"curies":[{"name":"wp","href":"https:\/\/api.w.org\/{rel}","templated":true}]}}