
{"id":82213,"date":"2019-09-11T18:06:02","date_gmt":"2019-09-11T21:06:02","guid":{"rendered":"https:\/\/www.sudoestehoje.com.br\/novoportal\/?p=82213"},"modified":"2019-09-11T18:06:02","modified_gmt":"2019-09-11T21:06:02","slug":"itapetinga-diretorio-e-liderancas-do-dem-se-reunem-para-tracar-metas-a-partir-de-setembro","status":"publish","type":"post","link":"https:\/\/www.sudoestehoje.com.br\/novoportal\/2019\/09\/11\/itapetinga-diretorio-e-liderancas-do-dem-se-reunem-para-tracar-metas-a-partir-de-setembro\/","title":{"rendered":"ITAPETINGA: DIRET\u00d3RIO E LIDERAN\u00c7AS DO DEM SE RE\u00daNEM PARA TRA\u00c7AR METAS A PARTIR DE SETEMBRO"},"content":{"rendered":"<p><a href=\"https:\/\/www.sudoestehoje.com.br\/novoportal\/wp-content\/uploads\/2019\/09\/democratas-itapetinga.jpg\"><img loading=\"lazy\" decoding=\"async\" class=\"aligncenter size-medium wp-image-82214\" src=\"https:\/\/www.sudoestehoje.com.br\/novoportal\/wp-content\/uploads\/2019\/09\/democratas-itapetinga-500x333.jpg\" alt=\"\" width=\"500\" height=\"333\" srcset=\"https:\/\/www.sudoestehoje.com.br\/novoportal\/wp-content\/uploads\/2019\/09\/democratas-itapetinga-500x333.jpg 500w, https:\/\/www.sudoestehoje.com.br\/novoportal\/wp-content\/uploads\/2019\/09\/democratas-itapetinga-768x512.jpg 768w, https:\/\/www.sudoestehoje.com.br\/novoportal\/wp-content\/uploads\/2019\/09\/democratas-itapetinga-700x466.jpg 700w, https:\/\/www.sudoestehoje.com.br\/novoportal\/wp-content\/uploads\/2019\/09\/democratas-itapetinga.jpg 1280w\" sizes=\"auto, (max-width: 500px) 100vw, 500px\" \/><\/a><\/p>\n<p>Na noite desta ter\u00e7a-feira (10), membros do Diret\u00f3rio Municipal do Democratas (DEM), estiveram reunidos para avaliar o momento pol\u00edtico e tra\u00e7ar metas para o m\u00eas de setembro de 2019.<\/p>\n<p>Participaram do encontro as principais lideran\u00e7as do partido, como o ex-prefeito Jos\u00e9 Ot\u00e1vio Curvelo, o vice-prefeito Renan Pereira, o presidente da Executiva Municipal, Zildo Carvalho, os vereadores Naara Duarte, presidente da C\u00e2mara, Fabiano Bahia e Anderson da Nova, al\u00e9m outros democratas atuantes na pol\u00edtica local (foto).<\/p>\n<p>De acordo com o vice-prefeito Renan Pereira, o partido continua unido no munic\u00edpio, sem quais quer diverg\u00eancias quanto aos seus compromissos com a popula\u00e7\u00e3o do munic\u00edpio.<\/p>\n<p>A reuni\u00e3o serviu tamb\u00e9m para ajustar as suas estrat\u00e9gias sob o comando do novo presidente da sigla, Zildo Carvalho, recentemente empossado no comando do partido no munic\u00edpio.<\/p>\n<p><strong><em>Por Davi Ferraz\u00a0<\/em><\/strong><\/p>\n","protected":false},"excerpt":{"rendered":"<p>Na noite desta ter\u00e7a-feira (10), membros do Diret\u00f3rio Municipal do Democratas (DEM), estiveram reunidos para avaliar o momento pol\u00edtico e tra\u00e7ar metas para o m\u00eas de setembro de 2019. Participaram do encontro as principais lideran\u00e7as do partido, como o ex-prefeito Jos\u00e9 Ot\u00e1vio Curvelo, o vice-prefeito Renan Pereira, o presidente da Executiva Municipal, Zildo Carvalho, os [&hellip;]<\/p>\n","protected":false},"author":2,"featured_media":82214,"comment_status":"open","ping_status":"open","sticky":false,"template":"","format":"standard","meta":{"footnotes":"","_links_to":"","_links_to_target":""},"categories":[1],"tags":[],"class_list":["post-82213","post","type-post","status-publish","format-standard","has-post-thumbnail","hentry","category-geral"],"views":685,"_links":{"self":[{"href":"https:\/\/www.sudoestehoje.com.br\/novoportal\/wp-json\/wp\/v2\/posts\/82213","targetHints":{"allow":["GET"]}}],"collection":[{"href":"https:\/\/www.sudoestehoje.com.br\/novoportal\/wp-json\/wp\/v2\/posts"}],"about":[{"href":"https:\/\/www.sudoestehoje.com.br\/novoportal\/wp-json\/wp\/v2\/types\/post"}],"author":[{"embeddable":true,"href":"https:\/\/www.sudoestehoje.com.br\/novoportal\/wp-json\/wp\/v2\/users\/2"}],"replies":[{"embeddable":true,"href":"https:\/\/www.sudoestehoje.com.br\/novoportal\/wp-json\/wp\/v2\/comments?post=82213"}],"version-history":[{"count":3,"href":"https:\/\/www.sudoestehoje.com.br\/novoportal\/wp-json\/wp\/v2\/posts\/82213\/revisions"}],"predecessor-version":[{"id":82217,"href":"https:\/\/www.sudoestehoje.com.br\/novoportal\/wp-json\/wp\/v2\/posts\/82213\/revisions\/82217"}],"wp:featuredmedia":[{"embeddable":true,"href":"https:\/\/www.sudoestehoje.com.br\/novoportal\/wp-json\/wp\/v2\/media\/82214"}],"wp:attachment":[{"href":"https:\/\/www.sudoestehoje.com.br\/novoportal\/wp-json\/wp\/v2\/media?parent=82213"}],"wp:term":[{"taxonomy":"category","embeddable":true,"href":"https:\/\/www.sudoestehoje.com.br\/novoportal\/wp-json\/wp\/v2\/categories?post=82213"},{"taxonomy":"post_tag","embeddable":true,"href":"https:\/\/www.sudoestehoje.com.br\/novoportal\/wp-json\/wp\/v2\/tags?post=82213"}],"curies":[{"name":"wp","href":"https:\/\/api.w.org\/{rel}","templated":true}]}}