
{"id":82210,"date":"2019-09-11T14:21:33","date_gmt":"2019-09-11T17:21:33","guid":{"rendered":"https:\/\/www.sudoestehoje.com.br\/novoportal\/?p=82210"},"modified":"2019-09-11T17:23:03","modified_gmt":"2019-09-11T20:23:03","slug":"leo-matos-e-recebido-pelo-ministro-da-saude-em-audiencia-articulada-por-antonio-brito","status":"publish","type":"post","link":"https:\/\/www.sudoestehoje.com.br\/novoportal\/2019\/09\/11\/leo-matos-e-recebido-pelo-ministro-da-saude-em-audiencia-articulada-por-antonio-brito\/","title":{"rendered":"L\u00c9O MATOS \u00c9 RECEBIDO PELO MINISTRO DA SA\u00daDE EM AUDI\u00caNCIA ARTICULADA POR ANT\u00d4NIO BRITO"},"content":{"rendered":"<p><a href=\"https:\/\/www.sudoestehoje.com.br\/novoportal\/wp-content\/uploads\/2019\/09\/LEO-BRASILIA.jpg\"><img loading=\"lazy\" decoding=\"async\" class=\"aligncenter size-medium wp-image-82211\" src=\"https:\/\/www.sudoestehoje.com.br\/novoportal\/wp-content\/uploads\/2019\/09\/LEO-BRASILIA-500x375.jpg\" alt=\"\" width=\"500\" height=\"375\" srcset=\"https:\/\/www.sudoestehoje.com.br\/novoportal\/wp-content\/uploads\/2019\/09\/LEO-BRASILIA-500x375.jpg 500w, https:\/\/www.sudoestehoje.com.br\/novoportal\/wp-content\/uploads\/2019\/09\/LEO-BRASILIA-768x576.jpg 768w, https:\/\/www.sudoestehoje.com.br\/novoportal\/wp-content\/uploads\/2019\/09\/LEO-BRASILIA-700x525.jpg 700w, https:\/\/www.sudoestehoje.com.br\/novoportal\/wp-content\/uploads\/2019\/09\/LEO-BRASILIA.jpg 1280w\" sizes=\"auto, (max-width: 500px) 100vw, 500px\" \/><\/a><br \/>\nO Coordenador Executivo da Federa\u00e7\u00e3o das Santas Casas de Miserc\u00f3rdia, Hospitais Filantr\u00f3picos do Estado da Bahia, Leonardo Matos cumpriu, na manh\u00e3 desta quinta-feira (11), agenda em Bras\u00edlia\/DF.<\/p>\n<p>Acompanhado pelo Coordenador da Santa Casa de Jequi\u00e9, Alexandre Youssef, dos prefeitos Marcos Galv\u00e3o (Ibicu\u00ed) e Silvany Barros (Manoel Vitorino), al\u00e9m do vice-prefeito de Ibicu\u00ed, Salom\u00e3o Cerqueira, ele participou da reuni\u00e3o da Comiss\u00e3o de Seguridade Social e Fam\u00edlia na C\u00e2mara Federal, presidida pelo deputado federal Ant\u00f4nio Brito, que contou a participa\u00e7\u00e3o do Ministro da Sa\u00fade, Luiz Henrique Mandetta.<\/p>\n<p>Em seguida, Matos acompanhado pelo presidente da Frente Parlamentar das Santas Casas, Hospitais e Entidades Filantr\u00f3picas, o deputado federal Ant\u00f4nio Brito se reuniu com o Ministro da Sa\u00fade. Na oportunidade, Leonardo e o deputado solicitaram apoio ao setor filantr\u00f3pico da Sa\u00fade no Estado e para o munic\u00edpio de Itapetinga.<\/p>\n<p>No encontro, o Coordenador convidou o Ministro Mandaetta para participar do IV F\u00f3rum Sa\u00fade Bahia conjuntamente com o Benchmarking, que ser\u00e1 realizado no dia 28 de Outubro em Salvador.<\/p>\n","protected":false},"excerpt":{"rendered":"<p>O Coordenador Executivo da Federa\u00e7\u00e3o das Santas Casas de Miserc\u00f3rdia, Hospitais Filantr\u00f3picos do Estado da Bahia, Leonardo Matos cumpriu, na manh\u00e3 desta quinta-feira (11), agenda em Bras\u00edlia\/DF. Acompanhado pelo Coordenador da Santa Casa de Jequi\u00e9, Alexandre Youssef, dos prefeitos Marcos Galv\u00e3o (Ibicu\u00ed) e Silvany Barros (Manoel Vitorino), al\u00e9m do vice-prefeito de Ibicu\u00ed, Salom\u00e3o Cerqueira, ele [&hellip;]<\/p>\n","protected":false},"author":2,"featured_media":82211,"comment_status":"open","ping_status":"open","sticky":false,"template":"","format":"standard","meta":{"footnotes":"","_links_to":"","_links_to_target":""},"categories":[1],"tags":[],"class_list":["post-82210","post","type-post","status-publish","format-standard","has-post-thumbnail","hentry","category-geral"],"views":713,"_links":{"self":[{"href":"https:\/\/www.sudoestehoje.com.br\/novoportal\/wp-json\/wp\/v2\/posts\/82210","targetHints":{"allow":["GET"]}}],"collection":[{"href":"https:\/\/www.sudoestehoje.com.br\/novoportal\/wp-json\/wp\/v2\/posts"}],"about":[{"href":"https:\/\/www.sudoestehoje.com.br\/novoportal\/wp-json\/wp\/v2\/types\/post"}],"author":[{"embeddable":true,"href":"https:\/\/www.sudoestehoje.com.br\/novoportal\/wp-json\/wp\/v2\/users\/2"}],"replies":[{"embeddable":true,"href":"https:\/\/www.sudoestehoje.com.br\/novoportal\/wp-json\/wp\/v2\/comments?post=82210"}],"version-history":[{"count":1,"href":"https:\/\/www.sudoestehoje.com.br\/novoportal\/wp-json\/wp\/v2\/posts\/82210\/revisions"}],"predecessor-version":[{"id":82212,"href":"https:\/\/www.sudoestehoje.com.br\/novoportal\/wp-json\/wp\/v2\/posts\/82210\/revisions\/82212"}],"wp:featuredmedia":[{"embeddable":true,"href":"https:\/\/www.sudoestehoje.com.br\/novoportal\/wp-json\/wp\/v2\/media\/82211"}],"wp:attachment":[{"href":"https:\/\/www.sudoestehoje.com.br\/novoportal\/wp-json\/wp\/v2\/media?parent=82210"}],"wp:term":[{"taxonomy":"category","embeddable":true,"href":"https:\/\/www.sudoestehoje.com.br\/novoportal\/wp-json\/wp\/v2\/categories?post=82210"},{"taxonomy":"post_tag","embeddable":true,"href":"https:\/\/www.sudoestehoje.com.br\/novoportal\/wp-json\/wp\/v2\/tags?post=82210"}],"curies":[{"name":"wp","href":"https:\/\/api.w.org\/{rel}","templated":true}]}}