
{"id":82202,"date":"2019-09-10T22:11:26","date_gmt":"2019-09-11T01:11:26","guid":{"rendered":"https:\/\/www.sudoestehoje.com.br\/novoportal\/?p=82202"},"modified":"2019-09-10T22:11:26","modified_gmt":"2019-09-11T01:11:26","slug":"itapetinga-cartorio-eleitoral-abre-posto-de-atendimento-em-bandeira-do-colonia-para-cadastramento-biometrico","status":"publish","type":"post","link":"https:\/\/www.sudoestehoje.com.br\/novoportal\/2019\/09\/10\/itapetinga-cartorio-eleitoral-abre-posto-de-atendimento-em-bandeira-do-colonia-para-cadastramento-biometrico\/","title":{"rendered":"ITAPETINGA: CART\u00d3RIO ELEITORAL ABRE POSTO DE ATENDIMENTO EM BANDEIRA DO COL\u00d4NIA PARA CADASTRAMENTO BIOM\u00c9TRICO"},"content":{"rendered":"<p><a href=\"https:\/\/www.sudoestehoje.com.br\/novoportal\/wp-content\/uploads\/2019\/09\/BIOMETRIA-BANDEIRA.jpg\"><img loading=\"lazy\" decoding=\"async\" class=\"aligncenter size-medium wp-image-82204\" src=\"https:\/\/www.sudoestehoje.com.br\/novoportal\/wp-content\/uploads\/2019\/09\/BIOMETRIA-BANDEIRA-500x339.jpg\" alt=\"\" width=\"500\" height=\"339\" srcset=\"https:\/\/www.sudoestehoje.com.br\/novoportal\/wp-content\/uploads\/2019\/09\/BIOMETRIA-BANDEIRA-500x339.jpg 500w, https:\/\/www.sudoestehoje.com.br\/novoportal\/wp-content\/uploads\/2019\/09\/BIOMETRIA-BANDEIRA.jpg 620w\" sizes=\"auto, (max-width: 500px) 100vw, 500px\" \/><\/a><\/p>\n<p>J\u00e1 est\u00e1 funcionando o Posto de Atendimento para cadastramento biom\u00e9trico do t\u00edtulo de eleitor no Distrito de Bandeira do Col\u00f4nia.<\/p>\n<p>Est\u00e1 situado \u00e0 Pra\u00e7a Clemente Mariano, s\/n. Pr\u00f3ximo \u00e0 Escola Dona Geni.<\/p>\n<p>Os eleitores que desejarem j\u00e1 poder\u00e3o agendar seu atendimento na internet, atrav\u00e9s do link <a href=\"http:\/\/AGENDAMENTO\">agendamento.tre-ba.jus.br<\/a> ou pelo telefone 0800 071 6505.<\/p>\n<p>Aten\u00e7\u00e3o para quando forem escolher o Posto de Atendimento, marcar: BANDEIRA DO COL\u00d4NIA &#8211; POSTO DE ATENDIMENTO.<\/p>\n","protected":false},"excerpt":{"rendered":"<p>J\u00e1 est\u00e1 funcionando o Posto de Atendimento para cadastramento biom\u00e9trico do t\u00edtulo de eleitor no Distrito de Bandeira do Col\u00f4nia. Est\u00e1 situado \u00e0 Pra\u00e7a Clemente Mariano, s\/n. Pr\u00f3ximo \u00e0 Escola Dona Geni. Os eleitores que desejarem j\u00e1 poder\u00e3o agendar seu atendimento na internet, atrav\u00e9s do link agendamento.tre-ba.jus.br ou pelo telefone 0800 071 6505. Aten\u00e7\u00e3o para [&hellip;]<\/p>\n","protected":false},"author":2,"featured_media":82204,"comment_status":"open","ping_status":"open","sticky":false,"template":"","format":"standard","meta":{"footnotes":"","_links_to":"","_links_to_target":""},"categories":[1],"tags":[],"class_list":["post-82202","post","type-post","status-publish","format-standard","has-post-thumbnail","hentry","category-geral"],"views":716,"_links":{"self":[{"href":"https:\/\/www.sudoestehoje.com.br\/novoportal\/wp-json\/wp\/v2\/posts\/82202","targetHints":{"allow":["GET"]}}],"collection":[{"href":"https:\/\/www.sudoestehoje.com.br\/novoportal\/wp-json\/wp\/v2\/posts"}],"about":[{"href":"https:\/\/www.sudoestehoje.com.br\/novoportal\/wp-json\/wp\/v2\/types\/post"}],"author":[{"embeddable":true,"href":"https:\/\/www.sudoestehoje.com.br\/novoportal\/wp-json\/wp\/v2\/users\/2"}],"replies":[{"embeddable":true,"href":"https:\/\/www.sudoestehoje.com.br\/novoportal\/wp-json\/wp\/v2\/comments?post=82202"}],"version-history":[{"count":2,"href":"https:\/\/www.sudoestehoje.com.br\/novoportal\/wp-json\/wp\/v2\/posts\/82202\/revisions"}],"predecessor-version":[{"id":82205,"href":"https:\/\/www.sudoestehoje.com.br\/novoportal\/wp-json\/wp\/v2\/posts\/82202\/revisions\/82205"}],"wp:featuredmedia":[{"embeddable":true,"href":"https:\/\/www.sudoestehoje.com.br\/novoportal\/wp-json\/wp\/v2\/media\/82204"}],"wp:attachment":[{"href":"https:\/\/www.sudoestehoje.com.br\/novoportal\/wp-json\/wp\/v2\/media?parent=82202"}],"wp:term":[{"taxonomy":"category","embeddable":true,"href":"https:\/\/www.sudoestehoje.com.br\/novoportal\/wp-json\/wp\/v2\/categories?post=82202"},{"taxonomy":"post_tag","embeddable":true,"href":"https:\/\/www.sudoestehoje.com.br\/novoportal\/wp-json\/wp\/v2\/tags?post=82202"}],"curies":[{"name":"wp","href":"https:\/\/api.w.org\/{rel}","templated":true}]}}