
{"id":82198,"date":"2019-09-10T21:53:25","date_gmt":"2019-09-11T00:53:25","guid":{"rendered":"https:\/\/www.sudoestehoje.com.br\/novoportal\/?p=82198"},"modified":"2019-09-10T21:53:25","modified_gmt":"2019-09-11T00:53:25","slug":"globo-demite-funcionario-que-chamou-menino-de-imbecil-por-desfilar-com-bolsonaro","status":"publish","type":"post","link":"https:\/\/www.sudoestehoje.com.br\/novoportal\/2019\/09\/10\/globo-demite-funcionario-que-chamou-menino-de-imbecil-por-desfilar-com-bolsonaro\/","title":{"rendered":"GLOBO DEMITE FUNCION\u00c1RIO QUE CHAMOU MENINO DE &#8220;IMBECIL&#8221; POR DESFILAR COM BOLSONARO"},"content":{"rendered":"<p><a href=\"https:\/\/www.sudoestehoje.com.br\/novoportal\/wp-content\/uploads\/2019\/09\/MENINO-CHAMADO-DE-IMBECIL.jpg\"><img loading=\"lazy\" decoding=\"async\" class=\"aligncenter size-medium wp-image-82200\" src=\"https:\/\/www.sudoestehoje.com.br\/novoportal\/wp-content\/uploads\/2019\/09\/MENINO-CHAMADO-DE-IMBECIL-500x350.jpg\" alt=\"\" width=\"500\" height=\"350\" srcset=\"https:\/\/www.sudoestehoje.com.br\/novoportal\/wp-content\/uploads\/2019\/09\/MENINO-CHAMADO-DE-IMBECIL-500x350.jpg 500w, https:\/\/www.sudoestehoje.com.br\/novoportal\/wp-content\/uploads\/2019\/09\/MENINO-CHAMADO-DE-IMBECIL.jpg 600w\" sizes=\"auto, (max-width: 500px) 100vw, 500px\" \/><\/a><\/p>\n<p>O respons\u00e1vel por publicar um coment\u00e1rio ofensivo ao menino que esteve ao lado do presidente Jair Bolsonaro no desfile de 7 de Setembro foi demitido pela TV Globo, informa a colunista M\u00f4nica Bergamo, da Folha.<\/p>\n<p>No \u00faltimo s\u00e1bado (7), o G1 publicou uma mat\u00e9ria com declara\u00e7\u00f5es do garoto, que classifica a cerim\u00f4nia como o \u201cmelhor desfile de todos\u201d.<\/p>\n<p>Abaixo, aparecia um coment\u00e1rio, com a conta do pr\u00f3prio site, que dizia: \u201cMoleque imbecil, vai se alfabetizar\u201d.<\/p>\n<p>Segundo a colunista, o coment\u00e1rio foi feito de forma irregular, sem o conhecimento dos editores. A empresa entende, por\u00e9m, que, ainda que o coment\u00e1rio fosse feito pelo pr\u00f3prio funcion\u00e1rio, haveria descumprimento da pol\u00edtica de uso de redes sociais da emissora.<\/p>\n","protected":false},"excerpt":{"rendered":"<p>O respons\u00e1vel por publicar um coment\u00e1rio ofensivo ao menino que esteve ao lado do presidente Jair Bolsonaro no desfile de 7 de Setembro foi demitido pela TV Globo, informa a colunista M\u00f4nica Bergamo, da Folha. No \u00faltimo s\u00e1bado (7), o G1 publicou uma mat\u00e9ria com declara\u00e7\u00f5es do garoto, que classifica a cerim\u00f4nia como o \u201cmelhor [&hellip;]<\/p>\n","protected":false},"author":2,"featured_media":82200,"comment_status":"open","ping_status":"open","sticky":false,"template":"","format":"standard","meta":{"footnotes":"","_links_to":"","_links_to_target":""},"categories":[1],"tags":[],"class_list":["post-82198","post","type-post","status-publish","format-standard","has-post-thumbnail","hentry","category-geral"],"views":731,"_links":{"self":[{"href":"https:\/\/www.sudoestehoje.com.br\/novoportal\/wp-json\/wp\/v2\/posts\/82198","targetHints":{"allow":["GET"]}}],"collection":[{"href":"https:\/\/www.sudoestehoje.com.br\/novoportal\/wp-json\/wp\/v2\/posts"}],"about":[{"href":"https:\/\/www.sudoestehoje.com.br\/novoportal\/wp-json\/wp\/v2\/types\/post"}],"author":[{"embeddable":true,"href":"https:\/\/www.sudoestehoje.com.br\/novoportal\/wp-json\/wp\/v2\/users\/2"}],"replies":[{"embeddable":true,"href":"https:\/\/www.sudoestehoje.com.br\/novoportal\/wp-json\/wp\/v2\/comments?post=82198"}],"version-history":[{"count":2,"href":"https:\/\/www.sudoestehoje.com.br\/novoportal\/wp-json\/wp\/v2\/posts\/82198\/revisions"}],"predecessor-version":[{"id":82201,"href":"https:\/\/www.sudoestehoje.com.br\/novoportal\/wp-json\/wp\/v2\/posts\/82198\/revisions\/82201"}],"wp:featuredmedia":[{"embeddable":true,"href":"https:\/\/www.sudoestehoje.com.br\/novoportal\/wp-json\/wp\/v2\/media\/82200"}],"wp:attachment":[{"href":"https:\/\/www.sudoestehoje.com.br\/novoportal\/wp-json\/wp\/v2\/media?parent=82198"}],"wp:term":[{"taxonomy":"category","embeddable":true,"href":"https:\/\/www.sudoestehoje.com.br\/novoportal\/wp-json\/wp\/v2\/categories?post=82198"},{"taxonomy":"post_tag","embeddable":true,"href":"https:\/\/www.sudoestehoje.com.br\/novoportal\/wp-json\/wp\/v2\/tags?post=82198"}],"curies":[{"name":"wp","href":"https:\/\/api.w.org\/{rel}","templated":true}]}}