
{"id":8219,"date":"2011-09-05T08:22:18","date_gmt":"2011-09-05T11:22:18","guid":{"rendered":"http:\/\/www.sudoestehoje.com.br\/novoportal\/?p=8219"},"modified":"2011-09-05T08:22:18","modified_gmt":"2011-09-05T11:22:18","slug":"vale-tudo-neto-de-acm-pode-ser-vice-do-pt-em-2012","status":"publish","type":"post","link":"https:\/\/www.sudoestehoje.com.br\/novoportal\/2011\/09\/05\/vale-tudo-neto-de-acm-pode-ser-vice-do-pt-em-2012\/","title":{"rendered":"VALE TUDO: NETO DE ACM PODE SER VICE DO PT EM 2012"},"content":{"rendered":"<p style=\"text-align: center;\"><img decoding=\"async\" src=\"http:\/\/www.bahianoticias.com.br\/fotos\/editor\/Image\/FOTOS%20NOVAS\/duquinho_magalhaes_foto_divulgacao_180x280.jpg\" alt=\"\" width=\"250\" \/><\/p>\n<p style=\"text-align: center;\"><em><strong>&#8216;Duquinho&#8217; deixou o DEM e deve ir para a base de Wagner<\/strong><\/em><\/p>\n<p>Quatro anos ap\u00f3s a morte do senador Ant\u00f4nio Carlos Magalh\u00e3es, o seu neto Luis Eduardo Magalh\u00e3es Junior, o Duquinho, pode protagonizar uma alian\u00e7a pol\u00edtica outrora inimagin\u00e1vel na pol\u00edtica baiana. Ap\u00f3s abandonar o ex-partido do av\u00f4, o filho do deputado Luis Eduardo aparece nas articula\u00e7\u00f5es governistas como o prov\u00e1vel nome para ser candidato a vice-prefeito de Salvador na chapa do deputado federal Nelson Pelegrino (PT).<\/p>\n<p>O pr\u00f3prio petista, em entrevista ao programa Acorda Pra Vida, da Rede Tudo FM 102,5, reconheceu a chance da alian\u00e7a: <em>\u201cIsso \u00e9 o coment\u00e1rio do dia. A fam\u00edlia do ex-senador ACM est\u00e1 deixando o DEM. O vereador Paulo Magalh\u00e3es Junior e seu pai sa\u00edram, o DEM est\u00e1 cada vez mais isolado\u201d, conjecturou, para em seguida ponderar: \u201c\u00c9 cedo para fazer essa especula\u00e7\u00e3o, mas estando em partidos aliados n\u00f3s deveremos considerar esta possibilidade. N\u00e3o podemos vetar nomes. Temos que unificar os partidos da base aliada. Ao definir a estrat\u00e9gia, vamos definir as chapas. Ent\u00e3o todas as possibilidades t\u00eam de ser consideradas\u201d<\/em>, afirmou.<\/p>\n<p>Para compor a chapa de Pelegrino, Duquinho ingressaria no PSD, comandado pelo vice-governador Otto Alencar, ou no PP, do ministro M\u00e1rio Negromonte (Cidades). BN<\/p>\n","protected":false},"excerpt":{"rendered":"<p>&#8216;Duquinho&#8217; deixou o DEM e deve ir para a base de Wagner Quatro anos ap\u00f3s a morte do senador Ant\u00f4nio Carlos Magalh\u00e3es, o seu neto Luis Eduardo Magalh\u00e3es Junior, o Duquinho, pode protagonizar uma alian\u00e7a pol\u00edtica outrora inimagin\u00e1vel na pol\u00edtica baiana. Ap\u00f3s abandonar o ex-partido do av\u00f4, o filho do deputado Luis Eduardo aparece nas [&hellip;]<\/p>\n","protected":false},"author":2,"featured_media":0,"comment_status":"open","ping_status":"open","sticky":false,"template":"","format":"standard","meta":{"footnotes":"","_links_to":"","_links_to_target":""},"categories":[1],"tags":[],"class_list":["post-8219","post","type-post","status-publish","format-standard","hentry","category-geral"],"views":1347,"_links":{"self":[{"href":"https:\/\/www.sudoestehoje.com.br\/novoportal\/wp-json\/wp\/v2\/posts\/8219","targetHints":{"allow":["GET"]}}],"collection":[{"href":"https:\/\/www.sudoestehoje.com.br\/novoportal\/wp-json\/wp\/v2\/posts"}],"about":[{"href":"https:\/\/www.sudoestehoje.com.br\/novoportal\/wp-json\/wp\/v2\/types\/post"}],"author":[{"embeddable":true,"href":"https:\/\/www.sudoestehoje.com.br\/novoportal\/wp-json\/wp\/v2\/users\/2"}],"replies":[{"embeddable":true,"href":"https:\/\/www.sudoestehoje.com.br\/novoportal\/wp-json\/wp\/v2\/comments?post=8219"}],"version-history":[{"count":2,"href":"https:\/\/www.sudoestehoje.com.br\/novoportal\/wp-json\/wp\/v2\/posts\/8219\/revisions"}],"predecessor-version":[{"id":8221,"href":"https:\/\/www.sudoestehoje.com.br\/novoportal\/wp-json\/wp\/v2\/posts\/8219\/revisions\/8221"}],"wp:attachment":[{"href":"https:\/\/www.sudoestehoje.com.br\/novoportal\/wp-json\/wp\/v2\/media?parent=8219"}],"wp:term":[{"taxonomy":"category","embeddable":true,"href":"https:\/\/www.sudoestehoje.com.br\/novoportal\/wp-json\/wp\/v2\/categories?post=8219"},{"taxonomy":"post_tag","embeddable":true,"href":"https:\/\/www.sudoestehoje.com.br\/novoportal\/wp-json\/wp\/v2\/tags?post=8219"}],"curies":[{"name":"wp","href":"https:\/\/api.w.org\/{rel}","templated":true}]}}