
{"id":82182,"date":"2019-09-09T19:25:34","date_gmt":"2019-09-09T22:25:34","guid":{"rendered":"https:\/\/www.sudoestehoje.com.br\/novoportal\/?p=82182"},"modified":"2019-09-09T19:25:34","modified_gmt":"2019-09-09T22:25:34","slug":"ministro-da-saude-e-antonio-brito-reforcam-luta-contra-a-tuberculose-no-mundo","status":"publish","type":"post","link":"https:\/\/www.sudoestehoje.com.br\/novoportal\/2019\/09\/09\/ministro-da-saude-e-antonio-brito-reforcam-luta-contra-a-tuberculose-no-mundo\/","title":{"rendered":"MINISTRO DA SA\u00daDE E ANT\u00d4NIO BRITO REFOR\u00c7AM LUTA CONTRA A TUBERCULOSE NO MUNDO"},"content":{"rendered":"<p><a href=\"https:\/\/www.sudoestehoje.com.br\/novoportal\/wp-content\/uploads\/2019\/09\/brito-e-mandetta.jpg\"><img loading=\"lazy\" decoding=\"async\" class=\"aligncenter size-medium wp-image-82183\" src=\"https:\/\/www.sudoestehoje.com.br\/novoportal\/wp-content\/uploads\/2019\/09\/brito-e-mandetta-500x375.jpg\" alt=\"\" width=\"500\" height=\"375\" srcset=\"https:\/\/www.sudoestehoje.com.br\/novoportal\/wp-content\/uploads\/2019\/09\/brito-e-mandetta-500x375.jpg 500w, https:\/\/www.sudoestehoje.com.br\/novoportal\/wp-content\/uploads\/2019\/09\/brito-e-mandetta-768x576.jpg 768w, https:\/\/www.sudoestehoje.com.br\/novoportal\/wp-content\/uploads\/2019\/09\/brito-e-mandetta-700x525.jpg 700w, https:\/\/www.sudoestehoje.com.br\/novoportal\/wp-content\/uploads\/2019\/09\/brito-e-mandetta.jpg 1130w\" sizes=\"auto, (max-width: 500px) 100vw, 500px\" \/><\/a><\/p>\n<p>O Brasil, por meio do ministro da Sa\u00fade, Luiz Henrique Mandetta, assumiu hoje (9) a lideran\u00e7a da estrat\u00e9gia de luta global contra a tuberculose, ao ser escolhido o presidente do conselho da Stop TB, organiza\u00e7\u00e3o internacional, vinculada ao Escrit\u00f3rio das Na\u00e7\u00f5es Unidas de Servi\u00e7os para Projetos (UNOPS\/ONU), que atua para eliminar a tuberculose no mundo.<\/p>\n<p>A organiza\u00e7\u00e3o, no Brasil, conta com o apoio da Frente Parlamentar pela Luta contra a Tuberculose, que \u00e9 presidida desde 2012 pelo deputado federal Antonio Brito, que tamb\u00e9m integra, desde 2016, a Frente das Am\u00e9ricas.<\/p>\n<p>O an\u00fancio ocorreu durante a cerim\u00f4nia &#8211; realizada com a presen\u00e7a da diretora-executiva do Stop TB, Lucica Ditiu, e da representante da Organiza\u00e7\u00e3o Pan Americana da Sa\u00fade (OPAS) no Brasil, Socorro Gross &#8211; em que o Minist\u00e9rio da Sa\u00fade incorporou ao Sistema \u00danico de Sa\u00fade (SUS) uma nova formula\u00e7\u00e3o, simplificada e com mesma efic\u00e1cia, para o tratamento de crian\u00e7as menores de 10 anos com tuberculose.<\/p>\n<p>No Brasil, foram registrados em 2018 mais de 72 mil novos casos da doen\u00e7a. <em>\/\/Ascom<\/em><\/p>\n","protected":false},"excerpt":{"rendered":"<p>O Brasil, por meio do ministro da Sa\u00fade, Luiz Henrique Mandetta, assumiu hoje (9) a lideran\u00e7a da estrat\u00e9gia de luta global contra a tuberculose, ao ser escolhido o presidente do conselho da Stop TB, organiza\u00e7\u00e3o internacional, vinculada ao Escrit\u00f3rio das Na\u00e7\u00f5es Unidas de Servi\u00e7os para Projetos (UNOPS\/ONU), que atua para eliminar a tuberculose no mundo. [&hellip;]<\/p>\n","protected":false},"author":2,"featured_media":82183,"comment_status":"open","ping_status":"open","sticky":false,"template":"","format":"standard","meta":{"footnotes":"","_links_to":"","_links_to_target":""},"categories":[1],"tags":[],"class_list":["post-82182","post","type-post","status-publish","format-standard","has-post-thumbnail","hentry","category-geral"],"views":694,"_links":{"self":[{"href":"https:\/\/www.sudoestehoje.com.br\/novoportal\/wp-json\/wp\/v2\/posts\/82182","targetHints":{"allow":["GET"]}}],"collection":[{"href":"https:\/\/www.sudoestehoje.com.br\/novoportal\/wp-json\/wp\/v2\/posts"}],"about":[{"href":"https:\/\/www.sudoestehoje.com.br\/novoportal\/wp-json\/wp\/v2\/types\/post"}],"author":[{"embeddable":true,"href":"https:\/\/www.sudoestehoje.com.br\/novoportal\/wp-json\/wp\/v2\/users\/2"}],"replies":[{"embeddable":true,"href":"https:\/\/www.sudoestehoje.com.br\/novoportal\/wp-json\/wp\/v2\/comments?post=82182"}],"version-history":[{"count":1,"href":"https:\/\/www.sudoestehoje.com.br\/novoportal\/wp-json\/wp\/v2\/posts\/82182\/revisions"}],"predecessor-version":[{"id":82184,"href":"https:\/\/www.sudoestehoje.com.br\/novoportal\/wp-json\/wp\/v2\/posts\/82182\/revisions\/82184"}],"wp:featuredmedia":[{"embeddable":true,"href":"https:\/\/www.sudoestehoje.com.br\/novoportal\/wp-json\/wp\/v2\/media\/82183"}],"wp:attachment":[{"href":"https:\/\/www.sudoestehoje.com.br\/novoportal\/wp-json\/wp\/v2\/media?parent=82182"}],"wp:term":[{"taxonomy":"category","embeddable":true,"href":"https:\/\/www.sudoestehoje.com.br\/novoportal\/wp-json\/wp\/v2\/categories?post=82182"},{"taxonomy":"post_tag","embeddable":true,"href":"https:\/\/www.sudoestehoje.com.br\/novoportal\/wp-json\/wp\/v2\/tags?post=82182"}],"curies":[{"name":"wp","href":"https:\/\/api.w.org\/{rel}","templated":true}]}}