
{"id":82140,"date":"2019-09-08T19:26:31","date_gmt":"2019-09-08T22:26:31","guid":{"rendered":"https:\/\/www.sudoestehoje.com.br\/novoportal\/?p=82140"},"modified":"2019-09-08T19:31:20","modified_gmt":"2019-09-08T22:31:20","slug":"perfil-da-globo-se-desculpa-apos-chamar-garoto-que-desfilou-com-bolsonaro-de-moleque-imbecil","status":"publish","type":"post","link":"https:\/\/www.sudoestehoje.com.br\/novoportal\/2019\/09\/08\/perfil-da-globo-se-desculpa-apos-chamar-garoto-que-desfilou-com-bolsonaro-de-moleque-imbecil\/","title":{"rendered":"G1 SE DESCULPA AP\u00d3S CHAMAR GAROTO QUE DESFILOU COM BOLSONARO DE &#8220;MOLEQUE IMBECIL&#8221;"},"content":{"rendered":"<p><a href=\"https:\/\/www.sudoestehoje.com.br\/novoportal\/wp-content\/uploads\/2019\/09\/menino-1.jpeg\"><img loading=\"lazy\" decoding=\"async\" class=\"aligncenter size-medium wp-image-82141\" src=\"https:\/\/www.sudoestehoje.com.br\/novoportal\/wp-content\/uploads\/2019\/09\/menino-1-500x333.jpeg\" alt=\"\" width=\"500\" height=\"333\" srcset=\"https:\/\/www.sudoestehoje.com.br\/novoportal\/wp-content\/uploads\/2019\/09\/menino-1-500x333.jpeg 500w, https:\/\/www.sudoestehoje.com.br\/novoportal\/wp-content\/uploads\/2019\/09\/menino-1.jpeg 768w, https:\/\/www.sudoestehoje.com.br\/novoportal\/wp-content\/uploads\/2019\/09\/menino-1-700x467.jpeg 700w\" sizes=\"auto, (max-width: 500px) 100vw, 500px\" \/><\/a><\/p>\n<p>O G1, site de not\u00edcias da Globo, usou as redes sociais na noite deste s\u00e1bado (7) para afirmar que o Facebook do site havia sido usado indevidamente. Isso porque logo depois de divulgar uma mat\u00e9ria sobre um garoto de 9 anos que desfilou com Bolsonaro nos festejos de 7 de setembro.<\/p>\n<p>Nos coment\u00e1rios, o pr\u00f3prio perfil do G1 ofendeu o garoto: Moleque imbecil, vai se alfabetizar\u201d.<\/p>\n<p>A publica\u00e7\u00e3o foi apagada, mas internautas j\u00e1 haviam registrado o coment\u00e1rio e a imagem percorreu as redes sociais. Logo a noite o perfil do G1 afirmou que vai investigar o fato e tomar as medidas cab\u00edveis:<\/p>\n<p>\u201cA conta do G1 no Facebook foi indevidamente utilizada para um coment\u00e1rio ofensivo em um post sobre o menino que acompanhou o presidente Jair Bolsonaro no desfile de 7\/9. O G1 repudia o uso de sua conta e anuncia que vai investigar o ocorrido e tomar as medidas cab\u00edveis\u201d<\/p>\n<p><a href=\"https:\/\/www.sudoestehoje.com.br\/novoportal\/wp-content\/uploads\/2019\/09\/menino.png\"><img loading=\"lazy\" decoding=\"async\" class=\"aligncenter size-medium wp-image-82142\" src=\"https:\/\/www.sudoestehoje.com.br\/novoportal\/wp-content\/uploads\/2019\/09\/menino-399x700.png\" alt=\"\" width=\"399\" height=\"700\" srcset=\"https:\/\/www.sudoestehoje.com.br\/novoportal\/wp-content\/uploads\/2019\/09\/menino-399x700.png 399w, https:\/\/www.sudoestehoje.com.br\/novoportal\/wp-content\/uploads\/2019\/09\/menino.png 438w\" sizes=\"auto, (max-width: 399px) 100vw, 399px\" \/><\/a><\/p>\n<p>\u201cCaso isso seja verdade, \u00e9 inacredit\u00e1vel. Mesmo para a xxxxx da globo\/marinho! O editor escrever isso, inaceit\u00e1vel!!! Espero que Deus devolva em dobro todo o mal que h\u00e1 dentro de voc\u00eas\u201d, afirmou o ministro da Educa\u00e7\u00e3o, Abraham Weintraub. O filho de Bolsonaro, Eduardo, tamb\u00e9m se manifestou sobre o assunto: \u201cAl\u00f4\u00a0<a class=\"PrettyLink profile customisable h-card\" dir=\"ltr\" href=\"https:\/\/twitter.com\/g1\" data-mentioned-user-id=\"8802752\" data-scribe=\"element:mention\"><span class=\"PrettyLink-prefix\">@<\/span><span class=\"PrettyLink-value\">g1<\/span><\/a>\u00a0<a class=\"PrettyLink profile customisable h-card\" dir=\"ltr\" href=\"https:\/\/twitter.com\/g1politica\" data-mentioned-user-id=\"31504246\" data-scribe=\"element:mention\"><span class=\"PrettyLink-prefix\">@<\/span><span class=\"PrettyLink-value\">g1politica<\/span><\/a>\u00a0\u00e9 verdade isso? O pior \u00e9 que se for verdade eu n\u00e3o duvidaria que n\u00e3o fosse o estagi\u00e1rio\u201d<\/p>\n","protected":false},"excerpt":{"rendered":"<p>O G1, site de not\u00edcias da Globo, usou as redes sociais na noite deste s\u00e1bado (7) para afirmar que o Facebook do site havia sido usado indevidamente. Isso porque logo depois de divulgar uma mat\u00e9ria sobre um garoto de 9 anos que desfilou com Bolsonaro nos festejos de 7 de setembro. Nos coment\u00e1rios, o pr\u00f3prio [&hellip;]<\/p>\n","protected":false},"author":2,"featured_media":82141,"comment_status":"open","ping_status":"open","sticky":false,"template":"","format":"standard","meta":{"footnotes":"","_links_to":"","_links_to_target":""},"categories":[1],"tags":[],"class_list":["post-82140","post","type-post","status-publish","format-standard","has-post-thumbnail","hentry","category-geral"],"views":1023,"_links":{"self":[{"href":"https:\/\/www.sudoestehoje.com.br\/novoportal\/wp-json\/wp\/v2\/posts\/82140","targetHints":{"allow":["GET"]}}],"collection":[{"href":"https:\/\/www.sudoestehoje.com.br\/novoportal\/wp-json\/wp\/v2\/posts"}],"about":[{"href":"https:\/\/www.sudoestehoje.com.br\/novoportal\/wp-json\/wp\/v2\/types\/post"}],"author":[{"embeddable":true,"href":"https:\/\/www.sudoestehoje.com.br\/novoportal\/wp-json\/wp\/v2\/users\/2"}],"replies":[{"embeddable":true,"href":"https:\/\/www.sudoestehoje.com.br\/novoportal\/wp-json\/wp\/v2\/comments?post=82140"}],"version-history":[{"count":5,"href":"https:\/\/www.sudoestehoje.com.br\/novoportal\/wp-json\/wp\/v2\/posts\/82140\/revisions"}],"predecessor-version":[{"id":82147,"href":"https:\/\/www.sudoestehoje.com.br\/novoportal\/wp-json\/wp\/v2\/posts\/82140\/revisions\/82147"}],"wp:featuredmedia":[{"embeddable":true,"href":"https:\/\/www.sudoestehoje.com.br\/novoportal\/wp-json\/wp\/v2\/media\/82141"}],"wp:attachment":[{"href":"https:\/\/www.sudoestehoje.com.br\/novoportal\/wp-json\/wp\/v2\/media?parent=82140"}],"wp:term":[{"taxonomy":"category","embeddable":true,"href":"https:\/\/www.sudoestehoje.com.br\/novoportal\/wp-json\/wp\/v2\/categories?post=82140"},{"taxonomy":"post_tag","embeddable":true,"href":"https:\/\/www.sudoestehoje.com.br\/novoportal\/wp-json\/wp\/v2\/tags?post=82140"}],"curies":[{"name":"wp","href":"https:\/\/api.w.org\/{rel}","templated":true}]}}