
{"id":82114,"date":"2019-09-07T20:16:14","date_gmt":"2019-09-07T23:16:14","guid":{"rendered":"https:\/\/www.sudoestehoje.com.br\/novoportal\/?p=82114"},"modified":"2019-09-07T20:44:42","modified_gmt":"2019-09-07T23:44:42","slug":"desfile-da-independencia-em-itapetinga","status":"publish","type":"post","link":"https:\/\/www.sudoestehoje.com.br\/novoportal\/2019\/09\/07\/desfile-da-independencia-em-itapetinga\/","title":{"rendered":"DESFILE DA INDEPEND\u00caNCIA EM ITAPETINGA"},"content":{"rendered":"<p data-raofz=\"16\"><a href=\"https:\/\/www.sudoestehoje.com.br\/novoportal\/wp-content\/uploads\/2019\/09\/7-SET-1.jpg\"><img loading=\"lazy\" decoding=\"async\" class=\"aligncenter size-medium wp-image-82116\" src=\"https:\/\/www.sudoestehoje.com.br\/novoportal\/wp-content\/uploads\/2019\/09\/7-SET-1-500x280.jpg\" alt=\"\" width=\"500\" height=\"280\" srcset=\"https:\/\/www.sudoestehoje.com.br\/novoportal\/wp-content\/uploads\/2019\/09\/7-SET-1-500x280.jpg 500w, https:\/\/www.sudoestehoje.com.br\/novoportal\/wp-content\/uploads\/2019\/09\/7-SET-1-768x430.jpg 768w, https:\/\/www.sudoestehoje.com.br\/novoportal\/wp-content\/uploads\/2019\/09\/7-SET-1-700x392.jpg 700w, https:\/\/www.sudoestehoje.com.br\/novoportal\/wp-content\/uploads\/2019\/09\/7-SET-1.jpg 960w\" sizes=\"auto, (max-width: 500px) 100vw, 500px\" \/><\/a><\/p>\n<p data-raofz=\"16\">Neste s\u00e1bado, 07, a prefeitura de Itapetinga organizou um grande desfile c\u00edvico com o objetivo de desenvolver o sentimento de amor \u00e0 p\u00e1tria, tendo a leitura como ferramenta importante na constru\u00e7\u00e3o da cidadania.<a href=\"https:\/\/www.sudoestehoje.com.br\/novoportal\/wp-content\/uploads\/2019\/09\/7-SET-2.jpg\"><img loading=\"lazy\" decoding=\"async\" class=\"aligncenter size-medium wp-image-82117\" src=\"https:\/\/www.sudoestehoje.com.br\/novoportal\/wp-content\/uploads\/2019\/09\/7-SET-2-500x331.jpg\" alt=\"\" width=\"500\" height=\"331\" srcset=\"https:\/\/www.sudoestehoje.com.br\/novoportal\/wp-content\/uploads\/2019\/09\/7-SET-2-500x331.jpg 500w, https:\/\/www.sudoestehoje.com.br\/novoportal\/wp-content\/uploads\/2019\/09\/7-SET-2-768x509.jpg 768w, https:\/\/www.sudoestehoje.com.br\/novoportal\/wp-content\/uploads\/2019\/09\/7-SET-2-700x464.jpg 700w, https:\/\/www.sudoestehoje.com.br\/novoportal\/wp-content\/uploads\/2019\/09\/7-SET-2.jpg 960w\" sizes=\"auto, (max-width: 500px) 100vw, 500px\" \/><\/a><\/p>\n<p data-raofz=\"16\">A programa\u00e7\u00e3o come\u00e7ou \u00e0s 7h. O prefeito Rodrigo Hagge participou do hasteamento da bandeira na Loja Ma\u00e7\u00f4nica Amor e Uni\u00e3o de Itapetinga. Em seguida, entoou o Hino Nacional, tamb\u00e9m, no Pa\u00e7o Municipal e fez a protocolar revista da tropa antes do in\u00edcio do desfile.<a href=\"https:\/\/www.sudoestehoje.com.br\/novoportal\/wp-content\/uploads\/2019\/09\/7-SET-3.jpg\"><img loading=\"lazy\" decoding=\"async\" class=\"aligncenter size-medium wp-image-82118\" src=\"https:\/\/www.sudoestehoje.com.br\/novoportal\/wp-content\/uploads\/2019\/09\/7-SET-3-500x327.jpg\" alt=\"\" width=\"500\" height=\"327\" srcset=\"https:\/\/www.sudoestehoje.com.br\/novoportal\/wp-content\/uploads\/2019\/09\/7-SET-3-500x327.jpg 500w, https:\/\/www.sudoestehoje.com.br\/novoportal\/wp-content\/uploads\/2019\/09\/7-SET-3-768x502.jpg 768w, https:\/\/www.sudoestehoje.com.br\/novoportal\/wp-content\/uploads\/2019\/09\/7-SET-3-700x458.jpg 700w, https:\/\/www.sudoestehoje.com.br\/novoportal\/wp-content\/uploads\/2019\/09\/7-SET-3.jpg 960w\" sizes=\"auto, (max-width: 500px) 100vw, 500px\" \/><\/a><\/p>\n<p data-raofz=\"16\">Ao declarar abertas as comemora\u00e7\u00f5es, o prefeito falou da sua satisfa\u00e7\u00e3o em estar no terceiro ano consecutivo resgatando o evento, a tradi\u00e7\u00e3o, o orgulho pelos s\u00edmbolos da p\u00e1tria e, principalmente, o orgulho de ser itapetinguense.<\/p>\n<p data-raofz=\"16\"><a href=\"https:\/\/www.sudoestehoje.com.br\/novoportal\/wp-content\/uploads\/2019\/09\/7-set-14.jpg\"><img loading=\"lazy\" decoding=\"async\" class=\"aligncenter size-medium wp-image-82133\" src=\"https:\/\/www.sudoestehoje.com.br\/novoportal\/wp-content\/uploads\/2019\/09\/7-set-14-500x333.jpg\" alt=\"\" width=\"500\" height=\"333\" srcset=\"https:\/\/www.sudoestehoje.com.br\/novoportal\/wp-content\/uploads\/2019\/09\/7-set-14-500x333.jpg 500w, https:\/\/www.sudoestehoje.com.br\/novoportal\/wp-content\/uploads\/2019\/09\/7-set-14-768x512.jpg 768w, https:\/\/www.sudoestehoje.com.br\/novoportal\/wp-content\/uploads\/2019\/09\/7-set-14-700x467.jpg 700w, https:\/\/www.sudoestehoje.com.br\/novoportal\/wp-content\/uploads\/2019\/09\/7-set-14.jpg 960w\" sizes=\"auto, (max-width: 500px) 100vw, 500px\" \/><\/a><\/p>\n<p data-raofz=\"16\"><em> \u201cCumprimos a nossa miss\u00e3o de resgate da tradi\u00e7\u00e3o, do amor \u00e0 p\u00e1tria. Ano ap\u00f3s ano, constru\u00edmos um desfile mais bonito, com maior participa\u00e7\u00e3o. Isso traz de volta para a gente o orgulho da nossa cidade, do nosso estado e do nosso pa\u00eds. Que a gente n\u00e3o deixe a tradi\u00e7\u00e3o morrer novamente\u201d<\/em>, desejou Rodrigo Hagge.<a href=\"https:\/\/www.sudoestehoje.com.br\/novoportal\/wp-content\/uploads\/2019\/09\/7-SET-5.jpg\"><img loading=\"lazy\" decoding=\"async\" class=\"aligncenter size-medium wp-image-82120\" src=\"https:\/\/www.sudoestehoje.com.br\/novoportal\/wp-content\/uploads\/2019\/09\/7-SET-5-500x315.jpg\" alt=\"\" width=\"500\" height=\"315\" srcset=\"https:\/\/www.sudoestehoje.com.br\/novoportal\/wp-content\/uploads\/2019\/09\/7-SET-5-500x315.jpg 500w, https:\/\/www.sudoestehoje.com.br\/novoportal\/wp-content\/uploads\/2019\/09\/7-SET-5-768x484.jpg 768w, https:\/\/www.sudoestehoje.com.br\/novoportal\/wp-content\/uploads\/2019\/09\/7-SET-5-700x441.jpg 700w, https:\/\/www.sudoestehoje.com.br\/novoportal\/wp-content\/uploads\/2019\/09\/7-SET-5.jpg 960w\" sizes=\"auto, (max-width: 500px) 100vw, 500px\" \/><\/a><\/p>\n<p data-raofz=\"16\">Pelas ruas do centro da cidade, cada escola apresentou \u201ca leitura na constru\u00e7\u00e3o do saber\u2019\u2019 e fez uma viagem fascinante pelo mundo da literatura.<\/p>\n<p data-raofz=\"16\"><a href=\"https:\/\/www.sudoestehoje.com.br\/novoportal\/wp-content\/uploads\/2019\/09\/7-SET-6.jpg\"><img loading=\"lazy\" decoding=\"async\" class=\"aligncenter size-medium wp-image-82121\" src=\"https:\/\/www.sudoestehoje.com.br\/novoportal\/wp-content\/uploads\/2019\/09\/7-SET-6-500x331.jpg\" alt=\"\" width=\"500\" height=\"331\" srcset=\"https:\/\/www.sudoestehoje.com.br\/novoportal\/wp-content\/uploads\/2019\/09\/7-SET-6-500x331.jpg 500w, https:\/\/www.sudoestehoje.com.br\/novoportal\/wp-content\/uploads\/2019\/09\/7-SET-6-768x509.jpg 768w, https:\/\/www.sudoestehoje.com.br\/novoportal\/wp-content\/uploads\/2019\/09\/7-SET-6-700x464.jpg 700w, https:\/\/www.sudoestehoje.com.br\/novoportal\/wp-content\/uploads\/2019\/09\/7-SET-6.jpg 960w\" sizes=\"auto, (max-width: 500px) 100vw, 500px\" \/><\/a><\/p>\n<p data-raofz=\"16\">Ao todo, 23 escolas desfilaram \u2013 17 municipais, 3 estaduais e 3 particulares. Tamb\u00e9m participaram do evento, 11 grupos ou institui\u00e7\u00f5es. As alas levaram \u00e0 pra\u00e7a, a hist\u00f3ria da leitura no Brasil; a literatura e a M\u00fasica Popular Brasileira; a literatura e a M\u00fasica Popular Brasileira; o mundo m\u00e1gico dos contos de fadas; os cl\u00e1ssicos da literatura brasileira e mais uma gama de temas que fizeram da Dairy Valley, um mundo encantado da literatura. Itapetinga e seus escritores tiveram destaque no desfile.<\/p>\n<p data-raofz=\"16\"><a href=\"https:\/\/www.sudoestehoje.com.br\/novoportal\/wp-content\/uploads\/2019\/09\/7-SET-9.jpg\"><img loading=\"lazy\" decoding=\"async\" class=\"aligncenter size-medium wp-image-82124\" src=\"https:\/\/www.sudoestehoje.com.br\/novoportal\/wp-content\/uploads\/2019\/09\/7-SET-9-500x319.jpg\" alt=\"\" width=\"500\" height=\"319\" srcset=\"https:\/\/www.sudoestehoje.com.br\/novoportal\/wp-content\/uploads\/2019\/09\/7-SET-9-500x319.jpg 500w, https:\/\/www.sudoestehoje.com.br\/novoportal\/wp-content\/uploads\/2019\/09\/7-SET-9-768x490.jpg 768w, https:\/\/www.sudoestehoje.com.br\/novoportal\/wp-content\/uploads\/2019\/09\/7-SET-9-700x446.jpg 700w, https:\/\/www.sudoestehoje.com.br\/novoportal\/wp-content\/uploads\/2019\/09\/7-SET-9.jpg 960w\" sizes=\"auto, (max-width: 500px) 100vw, 500px\" \/><\/a><\/p>\n<p data-raofz=\"16\">Um grande show com a Banda Leva encerrou os festejos de Independ\u00eancia do Brasil. <em>\/\/Texto Ascom PMI &#8211; Fotos Gazinho<\/em><\/p>\n\n\t\t<style type=\"text\/css\">\n\t\t\t#gallery-1 {\n\t\t\t\tmargin: auto;\n\t\t\t}\n\t\t\t#gallery-1 .gallery-item {\n\t\t\t\tfloat: left;\n\t\t\t\tmargin-top: 10px;\n\t\t\t\ttext-align: center;\n\t\t\t\twidth: 33%;\n\t\t\t}\n\t\t\t#gallery-1 img {\n\t\t\t\tborder: 2px solid #cfcfcf;\n\t\t\t}\n\t\t\t#gallery-1 .gallery-caption {\n\t\t\t\tmargin-left: 0;\n\t\t\t}\n\t\t\t\/* see gallery_shortcode() in wp-includes\/media.php *\/\n\t\t<\/style>\n\t\t<div id='gallery-1' class='gallery galleryid-82114 gallery-columns-3 gallery-size-thumbnail'><dl class='gallery-item'>\n\t\t\t<dt class='gallery-icon landscape'>\n\t\t\t\t<a href='https:\/\/www.sudoestehoje.com.br\/novoportal\/2019\/09\/07\/desfile-da-independencia-em-itapetinga\/7-set-7-2\/'><img loading=\"lazy\" decoding=\"async\" width=\"150\" height=\"150\" src=\"https:\/\/www.sudoestehoje.com.br\/novoportal\/wp-content\/uploads\/2019\/09\/7-SET-7-150x150.jpg\" class=\"attachment-thumbnail size-thumbnail\" alt=\"\" \/><\/a>\n\t\t\t<\/dt><\/dl><dl class='gallery-item'>\n\t\t\t<dt class='gallery-icon landscape'>\n\t\t\t\t<a href='https:\/\/www.sudoestehoje.com.br\/novoportal\/2019\/09\/07\/desfile-da-independencia-em-itapetinga\/7-set-8-2\/'><img loading=\"lazy\" decoding=\"async\" width=\"150\" height=\"150\" src=\"https:\/\/www.sudoestehoje.com.br\/novoportal\/wp-content\/uploads\/2019\/09\/7-SET-8-150x150.jpg\" class=\"attachment-thumbnail size-thumbnail\" alt=\"\" \/><\/a>\n\t\t\t<\/dt><\/dl><dl class='gallery-item'>\n\t\t\t<dt class='gallery-icon landscape'>\n\t\t\t\t<a href='https:\/\/www.sudoestehoje.com.br\/novoportal\/2019\/09\/07\/desfile-da-independencia-em-itapetinga\/7-set-3-2\/'><img loading=\"lazy\" decoding=\"async\" width=\"150\" height=\"150\" src=\"https:\/\/www.sudoestehoje.com.br\/novoportal\/wp-content\/uploads\/2019\/09\/7-SET-3-150x150.jpg\" class=\"attachment-thumbnail size-thumbnail\" alt=\"\" \/><\/a>\n\t\t\t<\/dt><\/dl><br style=\"clear: both\" \/><dl class='gallery-item'>\n\t\t\t<dt class='gallery-icon landscape'>\n\t\t\t\t<a href='https:\/\/www.sudoestehoje.com.br\/novoportal\/2019\/09\/07\/desfile-da-independencia-em-itapetinga\/7-set-10-2\/'><img loading=\"lazy\" decoding=\"async\" width=\"150\" height=\"150\" src=\"https:\/\/www.sudoestehoje.com.br\/novoportal\/wp-content\/uploads\/2019\/09\/7-SET-10-150x150.jpg\" class=\"attachment-thumbnail size-thumbnail\" alt=\"\" \/><\/a>\n\t\t\t<\/dt><\/dl><dl class='gallery-item'>\n\t\t\t<dt class='gallery-icon landscape'>\n\t\t\t\t<a href='https:\/\/www.sudoestehoje.com.br\/novoportal\/2019\/09\/07\/desfile-da-independencia-em-itapetinga\/7-set-12-3\/'><img loading=\"lazy\" decoding=\"async\" width=\"150\" height=\"150\" src=\"https:\/\/www.sudoestehoje.com.br\/novoportal\/wp-content\/uploads\/2019\/09\/7-SET-12-150x150.jpg\" class=\"attachment-thumbnail size-thumbnail\" alt=\"\" \/><\/a>\n\t\t\t<\/dt><\/dl><dl class='gallery-item'>\n\t\t\t<dt class='gallery-icon landscape'>\n\t\t\t\t<a href='https:\/\/www.sudoestehoje.com.br\/novoportal\/2019\/09\/07\/desfile-da-independencia-em-itapetinga\/7-set-13-2\/'><img loading=\"lazy\" decoding=\"async\" width=\"150\" height=\"150\" src=\"https:\/\/www.sudoestehoje.com.br\/novoportal\/wp-content\/uploads\/2019\/09\/7-SET-13-150x150.jpg\" class=\"attachment-thumbnail size-thumbnail\" alt=\"\" \/><\/a>\n\t\t\t<\/dt><\/dl><br style=\"clear: both\" \/>\n\t\t<\/div>\n\n","protected":false},"excerpt":{"rendered":"<p>Neste s\u00e1bado, 07, a prefeitura de Itapetinga organizou um grande desfile c\u00edvico com o objetivo de desenvolver o sentimento de amor \u00e0 p\u00e1tria, tendo a leitura como ferramenta importante na constru\u00e7\u00e3o da cidadania. A programa\u00e7\u00e3o come\u00e7ou \u00e0s 7h. O prefeito Rodrigo Hagge participou do hasteamento da bandeira na Loja Ma\u00e7\u00f4nica Amor e Uni\u00e3o de Itapetinga. [&hellip;]<\/p>\n","protected":false},"author":2,"featured_media":82116,"comment_status":"open","ping_status":"open","sticky":false,"template":"","format":"standard","meta":{"footnotes":"","_links_to":"","_links_to_target":""},"categories":[1],"tags":[],"class_list":["post-82114","post","type-post","status-publish","format-standard","has-post-thumbnail","hentry","category-geral"],"views":879,"_links":{"self":[{"href":"https:\/\/www.sudoestehoje.com.br\/novoportal\/wp-json\/wp\/v2\/posts\/82114","targetHints":{"allow":["GET"]}}],"collection":[{"href":"https:\/\/www.sudoestehoje.com.br\/novoportal\/wp-json\/wp\/v2\/posts"}],"about":[{"href":"https:\/\/www.sudoestehoje.com.br\/novoportal\/wp-json\/wp\/v2\/types\/post"}],"author":[{"embeddable":true,"href":"https:\/\/www.sudoestehoje.com.br\/novoportal\/wp-json\/wp\/v2\/users\/2"}],"replies":[{"embeddable":true,"href":"https:\/\/www.sudoestehoje.com.br\/novoportal\/wp-json\/wp\/v2\/comments?post=82114"}],"version-history":[{"count":6,"href":"https:\/\/www.sudoestehoje.com.br\/novoportal\/wp-json\/wp\/v2\/posts\/82114\/revisions"}],"predecessor-version":[{"id":82134,"href":"https:\/\/www.sudoestehoje.com.br\/novoportal\/wp-json\/wp\/v2\/posts\/82114\/revisions\/82134"}],"wp:featuredmedia":[{"embeddable":true,"href":"https:\/\/www.sudoestehoje.com.br\/novoportal\/wp-json\/wp\/v2\/media\/82116"}],"wp:attachment":[{"href":"https:\/\/www.sudoestehoje.com.br\/novoportal\/wp-json\/wp\/v2\/media?parent=82114"}],"wp:term":[{"taxonomy":"category","embeddable":true,"href":"https:\/\/www.sudoestehoje.com.br\/novoportal\/wp-json\/wp\/v2\/categories?post=82114"},{"taxonomy":"post_tag","embeddable":true,"href":"https:\/\/www.sudoestehoje.com.br\/novoportal\/wp-json\/wp\/v2\/tags?post=82114"}],"curies":[{"name":"wp","href":"https:\/\/api.w.org\/{rel}","templated":true}]}}