
{"id":82109,"date":"2019-09-06T22:47:29","date_gmt":"2019-09-07T01:47:29","guid":{"rendered":"https:\/\/www.sudoestehoje.com.br\/novoportal\/?p=82109"},"modified":"2019-09-06T22:47:29","modified_gmt":"2019-09-07T01:47:29","slug":"itapetinga-prefeitura-inicia-construcao-de-escola-padrao-fnde-no-12-de-dezembro","status":"publish","type":"post","link":"https:\/\/www.sudoestehoje.com.br\/novoportal\/2019\/09\/06\/itapetinga-prefeitura-inicia-construcao-de-escola-padrao-fnde-no-12-de-dezembro\/","title":{"rendered":"ITAPETINGA: PREFEITURA INICIA CONSTRU\u00c7\u00c3O DE ESCOLA PADR\u00c3O FNDE NO 12 DE DEZEMBRO"},"content":{"rendered":"<p><a href=\"https:\/\/www.sudoestehoje.com.br\/novoportal\/wp-content\/uploads\/2019\/09\/escola.jpg\"><img loading=\"lazy\" decoding=\"async\" class=\"aligncenter size-medium wp-image-82110\" src=\"https:\/\/www.sudoestehoje.com.br\/novoportal\/wp-content\/uploads\/2019\/09\/escola-500x375.jpg\" alt=\"\" width=\"500\" height=\"375\" srcset=\"https:\/\/www.sudoestehoje.com.br\/novoportal\/wp-content\/uploads\/2019\/09\/escola-500x375.jpg 500w, https:\/\/www.sudoestehoje.com.br\/novoportal\/wp-content\/uploads\/2019\/09\/escola-768x576.jpg 768w, https:\/\/www.sudoestehoje.com.br\/novoportal\/wp-content\/uploads\/2019\/09\/escola-700x525.jpg 700w, https:\/\/www.sudoestehoje.com.br\/novoportal\/wp-content\/uploads\/2019\/09\/escola.jpg 960w\" sizes=\"auto, (max-width: 500px) 100vw, 500px\" \/><\/a><\/p>\n<p>Na \u00faltima ter\u00e7a-feira (3), teve in\u00edcio os servi\u00e7os de limpeza e terraplenagem do terreno onde ser\u00e1 constru\u00edda a Escola Padr\u00e3o FNDE, como 12 salas de aula, no Residencial 12 de Dezembro, em Itapetinga.<\/p>\n<p>A obra j\u00e1 est\u00e1 licitada e conta com os recursos liberados e depositados na Caixa Econ\u00f4mica Federal.<\/p>\n<p>Os servi\u00e7os de limpeza da \u00e1rea est\u00e3o sendo realizados pela Secretaria Municipal de Transportes, a cargo do competente secret\u00e1rio Luciano Almeida.<\/p>\n<p><strong><em>Por Davi Ferraz<\/em><\/strong><\/p>\n","protected":false},"excerpt":{"rendered":"<p>Na \u00faltima ter\u00e7a-feira (3), teve in\u00edcio os servi\u00e7os de limpeza e terraplenagem do terreno onde ser\u00e1 constru\u00edda a Escola Padr\u00e3o FNDE, como 12 salas de aula, no Residencial 12 de Dezembro, em Itapetinga. A obra j\u00e1 est\u00e1 licitada e conta com os recursos liberados e depositados na Caixa Econ\u00f4mica Federal. Os servi\u00e7os de limpeza da [&hellip;]<\/p>\n","protected":false},"author":2,"featured_media":82110,"comment_status":"open","ping_status":"open","sticky":false,"template":"","format":"standard","meta":{"footnotes":"","_links_to":"","_links_to_target":""},"categories":[1],"tags":[],"class_list":["post-82109","post","type-post","status-publish","format-standard","has-post-thumbnail","hentry","category-geral"],"views":1771,"_links":{"self":[{"href":"https:\/\/www.sudoestehoje.com.br\/novoportal\/wp-json\/wp\/v2\/posts\/82109","targetHints":{"allow":["GET"]}}],"collection":[{"href":"https:\/\/www.sudoestehoje.com.br\/novoportal\/wp-json\/wp\/v2\/posts"}],"about":[{"href":"https:\/\/www.sudoestehoje.com.br\/novoportal\/wp-json\/wp\/v2\/types\/post"}],"author":[{"embeddable":true,"href":"https:\/\/www.sudoestehoje.com.br\/novoportal\/wp-json\/wp\/v2\/users\/2"}],"replies":[{"embeddable":true,"href":"https:\/\/www.sudoestehoje.com.br\/novoportal\/wp-json\/wp\/v2\/comments?post=82109"}],"version-history":[{"count":2,"href":"https:\/\/www.sudoestehoje.com.br\/novoportal\/wp-json\/wp\/v2\/posts\/82109\/revisions"}],"predecessor-version":[{"id":82112,"href":"https:\/\/www.sudoestehoje.com.br\/novoportal\/wp-json\/wp\/v2\/posts\/82109\/revisions\/82112"}],"wp:featuredmedia":[{"embeddable":true,"href":"https:\/\/www.sudoestehoje.com.br\/novoportal\/wp-json\/wp\/v2\/media\/82110"}],"wp:attachment":[{"href":"https:\/\/www.sudoestehoje.com.br\/novoportal\/wp-json\/wp\/v2\/media?parent=82109"}],"wp:term":[{"taxonomy":"category","embeddable":true,"href":"https:\/\/www.sudoestehoje.com.br\/novoportal\/wp-json\/wp\/v2\/categories?post=82109"},{"taxonomy":"post_tag","embeddable":true,"href":"https:\/\/www.sudoestehoje.com.br\/novoportal\/wp-json\/wp\/v2\/tags?post=82109"}],"curies":[{"name":"wp","href":"https:\/\/api.w.org\/{rel}","templated":true}]}}