
{"id":82092,"date":"2019-09-06T21:47:11","date_gmt":"2019-09-07T00:47:11","guid":{"rendered":"https:\/\/www.sudoestehoje.com.br\/novoportal\/?p=82092"},"modified":"2019-09-06T22:16:22","modified_gmt":"2019-09-07T01:16:22","slug":"caatiba-prefeitura-inicia-transporte-de-pacientes-para-a-policlinica-em-conquista","status":"publish","type":"post","link":"https:\/\/www.sudoestehoje.com.br\/novoportal\/2019\/09\/06\/caatiba-prefeitura-inicia-transporte-de-pacientes-para-a-policlinica-em-conquista\/","title":{"rendered":"CAATIBA: PREFEITURA INICIA TRANSPORTE DE PACIENTES PARA A POLICL\u00cdNICA EM CONQUISTA"},"content":{"rendered":"<p style=\"background: white; margin: 0cm 0cm 4.5pt 0cm;\"><a href=\"https:\/\/www.sudoestehoje.com.br\/novoportal\/wp-content\/uploads\/2019\/09\/micro-2.jpg\"><img loading=\"lazy\" decoding=\"async\" class=\"aligncenter size-medium wp-image-82094\" src=\"https:\/\/www.sudoestehoje.com.br\/novoportal\/wp-content\/uploads\/2019\/09\/micro-2-500x333.jpg\" alt=\"\" width=\"500\" height=\"333\" srcset=\"https:\/\/www.sudoestehoje.com.br\/novoportal\/wp-content\/uploads\/2019\/09\/micro-2-500x333.jpg 500w, https:\/\/www.sudoestehoje.com.br\/novoportal\/wp-content\/uploads\/2019\/09\/micro-2-768x512.jpg 768w, https:\/\/www.sudoestehoje.com.br\/novoportal\/wp-content\/uploads\/2019\/09\/micro-2-700x467.jpg 700w, https:\/\/www.sudoestehoje.com.br\/novoportal\/wp-content\/uploads\/2019\/09\/micro-2.jpg 960w\" sizes=\"auto, (max-width: 500px) 100vw, 500px\" \/><\/a><\/p>\n<p style=\"background: white; font-variant-ligatures: normal; font-variant-caps: normal; orphans: 2; text-align: start; widows: 2; -webkit-text-stroke-width: 0px; text-decoration-style: initial; text-decoration-color: initial; word-spacing: 0px; margin: 4.5pt 0cm 4.5pt 0cm;\"><span style=\"font-family: 'Arial','sans-serif'; color: #1c1e21;\">O transporte de pacientes do munic\u00edpio de Caatiba para a Policl\u00ednica em Vit\u00f3ria da Conquista j\u00e1 \u00e9 uma realidade. Organizados por meio de agendamento pr\u00e9vio, a triagem e marca\u00e7\u00f5es s\u00e3o realizadas pelas equipes da secretaria municipal de sa\u00fade, para que os pacientes sejam conduzidos at\u00e9 a Policl\u00ednica Regional de Vit\u00f3ria da Co<span class=\"textexposedshow\">nquista com um micro- \u00f4nibus.<\/span><\/span><\/p>\n<p><a href=\"https:\/\/www.sudoestehoje.com.br\/novoportal\/wp-content\/uploads\/2019\/09\/micro-3.jpg\"><img loading=\"lazy\" decoding=\"async\" class=\"aligncenter size-medium wp-image-82095\" src=\"https:\/\/www.sudoestehoje.com.br\/novoportal\/wp-content\/uploads\/2019\/09\/micro-3-500x333.jpg\" alt=\"\" width=\"500\" height=\"333\" srcset=\"https:\/\/www.sudoestehoje.com.br\/novoportal\/wp-content\/uploads\/2019\/09\/micro-3-500x333.jpg 500w, https:\/\/www.sudoestehoje.com.br\/novoportal\/wp-content\/uploads\/2019\/09\/micro-3-768x512.jpg 768w, https:\/\/www.sudoestehoje.com.br\/novoportal\/wp-content\/uploads\/2019\/09\/micro-3-700x467.jpg 700w, https:\/\/www.sudoestehoje.com.br\/novoportal\/wp-content\/uploads\/2019\/09\/micro-3.jpg 960w\" sizes=\"auto, (max-width: 500px) 100vw, 500px\" \/><\/a><\/p>\n<p style=\"background: white; margin: 4.5pt 0cm 4.5pt 0cm;\"><span class=\"textexposedshow\"><span style=\"font-family: 'Arial','sans-serif'; color: #1c1e21;\">Os paciente encaminhados recebem atendimentos em diversas especialidades: resson\u00e2ncia magn\u00e9tica (com e sem contraste), tomografia (com e sem contraste), mamografia, ultrassonografia com doppler, ecocardiografia, ergometria, mapa, holter, eletroencefalograma, raio-X, eletrocardiograma, endoscopia, colonoscopia, nasolaringoscopia, colposcopia, histeroscopia, cistoscopia, entre outros, ligados \u00e0s especialidades de oftalmologia e com profissionais, entre enfermeiros, psic\u00f3logo, farmac\u00eautico, nutricionista, assessores t\u00e9cnicos, assistente social, t\u00e9cnicos em enfermagem, t\u00e9cnicos em radiologia e assistentes administrativos, todos para dar assist\u00eancia total aos pacientes.<\/span><\/span><\/p>\n<p><a href=\"https:\/\/www.sudoestehoje.com.br\/novoportal\/wp-content\/uploads\/2019\/09\/micro-4.jpg\"><img loading=\"lazy\" decoding=\"async\" class=\"aligncenter size-medium wp-image-82096\" src=\"https:\/\/www.sudoestehoje.com.br\/novoportal\/wp-content\/uploads\/2019\/09\/micro-4-500x333.jpg\" alt=\"\" width=\"500\" height=\"333\" srcset=\"https:\/\/www.sudoestehoje.com.br\/novoportal\/wp-content\/uploads\/2019\/09\/micro-4-500x333.jpg 500w, https:\/\/www.sudoestehoje.com.br\/novoportal\/wp-content\/uploads\/2019\/09\/micro-4-768x512.jpg 768w, https:\/\/www.sudoestehoje.com.br\/novoportal\/wp-content\/uploads\/2019\/09\/micro-4-700x467.jpg 700w, https:\/\/www.sudoestehoje.com.br\/novoportal\/wp-content\/uploads\/2019\/09\/micro-4.jpg 960w\" sizes=\"auto, (max-width: 500px) 100vw, 500px\" \/><\/a><\/p>\n<p style=\"background: white; margin: 4.5pt 0cm 4.5pt 0cm;\"><span style=\"font-family: 'Arial','sans-serif'; color: #1c1e21;\"><span class=\"textexposedshow\">Esse importante benef\u00edcio intermediado pelo Consorcio Interfederativo P\u00fablico, vem trazendo alegria e tranquilidade aos mun\u00edcipes e para a gest\u00e3o p\u00fablica, pois facilitou a oferta e o acesso a procedimentos da aten\u00e7\u00e3o b\u00e1sica.<a href=\"https:\/\/www.sudoestehoje.com.br\/novoportal\/wp-content\/uploads\/2019\/09\/micro-8.jpg\"><img loading=\"lazy\" decoding=\"async\" class=\"aligncenter size-medium wp-image-82100\" src=\"https:\/\/www.sudoestehoje.com.br\/novoportal\/wp-content\/uploads\/2019\/09\/micro-8-500x333.jpg\" alt=\"\" width=\"500\" height=\"333\" srcset=\"https:\/\/www.sudoestehoje.com.br\/novoportal\/wp-content\/uploads\/2019\/09\/micro-8-500x333.jpg 500w, https:\/\/www.sudoestehoje.com.br\/novoportal\/wp-content\/uploads\/2019\/09\/micro-8-768x512.jpg 768w, https:\/\/www.sudoestehoje.com.br\/novoportal\/wp-content\/uploads\/2019\/09\/micro-8-700x467.jpg 700w, https:\/\/www.sudoestehoje.com.br\/novoportal\/wp-content\/uploads\/2019\/09\/micro-8.jpg 960w\" sizes=\"auto, (max-width: 500px) 100vw, 500px\" \/><\/a> <\/span><\/span><\/p>\n<p style=\"background: white; margin: 4.5pt 0cm 4.5pt 0cm;\"><span class=\"textexposedshow\"><span style=\"font-family: 'Arial','sans-serif'; color: #1c1e21;\">A prefeita T\u00e2nia Ribeiro e o secret\u00e1rio municipal de sa\u00fade Uilton Rold\u00e3o destacaram que essa benfeitoria significa qualidade de vida e mais dignidade para a popula\u00e7\u00e3o que tanto precisa de uma sa\u00fade efetiva. \/\/Ascom &#8211; <\/span><\/span><span style=\"font-family: 'Arial','sans-serif'; color: #1c1e21;\"><a title=\"Caatiba Bahia\" href=\"https:\/\/www.facebook.com\/ascomcaatiba.ascom.7?__tn__=%2CdK-R-R&amp;eid=ARALGt_WUxyObTouupMZOLkZeDrlrv4LKD0g8jWUMfiML7-0Suthuhx86XIjM6YiiBMCFV9P7rKPkNuD&amp;fref=mentions\"><span style=\"color: #385898; text-decoration: none; text-underline: none;\">Caatiba Bahia<\/span><\/a><\/span><\/p>\n\n\t\t<style type=\"text\/css\">\n\t\t\t#gallery-1 {\n\t\t\t\tmargin: auto;\n\t\t\t}\n\t\t\t#gallery-1 .gallery-item {\n\t\t\t\tfloat: left;\n\t\t\t\tmargin-top: 10px;\n\t\t\t\ttext-align: center;\n\t\t\t\twidth: 33%;\n\t\t\t}\n\t\t\t#gallery-1 img {\n\t\t\t\tborder: 2px solid #cfcfcf;\n\t\t\t}\n\t\t\t#gallery-1 .gallery-caption {\n\t\t\t\tmargin-left: 0;\n\t\t\t}\n\t\t\t\/* see gallery_shortcode() in wp-includes\/media.php *\/\n\t\t<\/style>\n\t\t<div id='gallery-1' class='gallery galleryid-82092 gallery-columns-3 gallery-size-thumbnail'><dl class='gallery-item'>\n\t\t\t<dt class='gallery-icon portrait'>\n\t\t\t\t<a href='https:\/\/www.sudoestehoje.com.br\/novoportal\/2019\/09\/06\/caatiba-prefeitura-inicia-transporte-de-pacientes-para-a-policlinica-em-conquista\/micro-7\/'><img loading=\"lazy\" decoding=\"async\" width=\"150\" height=\"150\" src=\"https:\/\/www.sudoestehoje.com.br\/novoportal\/wp-content\/uploads\/2019\/09\/micro-7-150x150.jpg\" class=\"attachment-thumbnail size-thumbnail\" alt=\"\" \/><\/a>\n\t\t\t<\/dt><\/dl><dl class='gallery-item'>\n\t\t\t<dt class='gallery-icon landscape'>\n\t\t\t\t<a href='https:\/\/www.sudoestehoje.com.br\/novoportal\/2019\/09\/06\/caatiba-prefeitura-inicia-transporte-de-pacientes-para-a-policlinica-em-conquista\/micro-6\/'><img loading=\"lazy\" decoding=\"async\" width=\"150\" height=\"150\" src=\"https:\/\/www.sudoestehoje.com.br\/novoportal\/wp-content\/uploads\/2019\/09\/micro-6-150x150.jpg\" class=\"attachment-thumbnail size-thumbnail\" alt=\"\" \/><\/a>\n\t\t\t<\/dt><\/dl><dl class='gallery-item'>\n\t\t\t<dt class='gallery-icon landscape'>\n\t\t\t\t<a href='https:\/\/www.sudoestehoje.com.br\/novoportal\/2019\/09\/06\/caatiba-prefeitura-inicia-transporte-de-pacientes-para-a-policlinica-em-conquista\/micro-5\/'><img loading=\"lazy\" decoding=\"async\" width=\"150\" height=\"150\" src=\"https:\/\/www.sudoestehoje.com.br\/novoportal\/wp-content\/uploads\/2019\/09\/micro-5-150x150.jpg\" class=\"attachment-thumbnail size-thumbnail\" alt=\"\" \/><\/a>\n\t\t\t<\/dt><\/dl><br style=\"clear: both\" \/>\n\t\t<\/div>\n\n","protected":false},"excerpt":{"rendered":"<p>O transporte de pacientes do munic\u00edpio de Caatiba para a Policl\u00ednica em Vit\u00f3ria da Conquista j\u00e1 \u00e9 uma realidade. Organizados por meio de agendamento pr\u00e9vio, a triagem e marca\u00e7\u00f5es s\u00e3o realizadas pelas equipes da secretaria municipal de sa\u00fade, para que os pacientes sejam conduzidos at\u00e9 a Policl\u00ednica Regional de Vit\u00f3ria da Conquista com um micro- [&hellip;]<\/p>\n","protected":false},"author":2,"featured_media":82095,"comment_status":"open","ping_status":"open","sticky":false,"template":"","format":"standard","meta":{"footnotes":"","_links_to":"","_links_to_target":""},"categories":[1],"tags":[],"class_list":["post-82092","post","type-post","status-publish","format-standard","has-post-thumbnail","hentry","category-geral"],"views":945,"_links":{"self":[{"href":"https:\/\/www.sudoestehoje.com.br\/novoportal\/wp-json\/wp\/v2\/posts\/82092","targetHints":{"allow":["GET"]}}],"collection":[{"href":"https:\/\/www.sudoestehoje.com.br\/novoportal\/wp-json\/wp\/v2\/posts"}],"about":[{"href":"https:\/\/www.sudoestehoje.com.br\/novoportal\/wp-json\/wp\/v2\/types\/post"}],"author":[{"embeddable":true,"href":"https:\/\/www.sudoestehoje.com.br\/novoportal\/wp-json\/wp\/v2\/users\/2"}],"replies":[{"embeddable":true,"href":"https:\/\/www.sudoestehoje.com.br\/novoportal\/wp-json\/wp\/v2\/comments?post=82092"}],"version-history":[{"count":5,"href":"https:\/\/www.sudoestehoje.com.br\/novoportal\/wp-json\/wp\/v2\/posts\/82092\/revisions"}],"predecessor-version":[{"id":82108,"href":"https:\/\/www.sudoestehoje.com.br\/novoportal\/wp-json\/wp\/v2\/posts\/82092\/revisions\/82108"}],"wp:featuredmedia":[{"embeddable":true,"href":"https:\/\/www.sudoestehoje.com.br\/novoportal\/wp-json\/wp\/v2\/media\/82095"}],"wp:attachment":[{"href":"https:\/\/www.sudoestehoje.com.br\/novoportal\/wp-json\/wp\/v2\/media?parent=82092"}],"wp:term":[{"taxonomy":"category","embeddable":true,"href":"https:\/\/www.sudoestehoje.com.br\/novoportal\/wp-json\/wp\/v2\/categories?post=82092"},{"taxonomy":"post_tag","embeddable":true,"href":"https:\/\/www.sudoestehoje.com.br\/novoportal\/wp-json\/wp\/v2\/tags?post=82092"}],"curies":[{"name":"wp","href":"https:\/\/api.w.org\/{rel}","templated":true}]}}