
{"id":82088,"date":"2019-09-06T21:18:47","date_gmt":"2019-09-07T00:18:47","guid":{"rendered":"https:\/\/www.sudoestehoje.com.br\/novoportal\/?p=82088"},"modified":"2019-09-06T21:18:47","modified_gmt":"2019-09-07T00:18:47","slug":"aparicao-de-jessica-senra-no-jornal-nacional-causa-euforia-nas-redes-sociais","status":"publish","type":"post","link":"https:\/\/www.sudoestehoje.com.br\/novoportal\/2019\/09\/06\/aparicao-de-jessica-senra-no-jornal-nacional-causa-euforia-nas-redes-sociais\/","title":{"rendered":"APARI\u00c7\u00c3O DE J\u00c9SSICA SENRA NO JORNAL NACIONAL CAUSA EUFORIA NAS REDES SOCIAIS"},"content":{"rendered":"<p><a href=\"https:\/\/www.sudoestehoje.com.br\/novoportal\/wp-content\/uploads\/2019\/09\/csm_jessica_e290d87109.jpg\"><img loading=\"lazy\" decoding=\"async\" class=\"aligncenter size-medium wp-image-82090\" src=\"https:\/\/www.sudoestehoje.com.br\/novoportal\/wp-content\/uploads\/2019\/09\/csm_jessica_e290d87109-500x340.jpg\" alt=\"\" width=\"500\" height=\"340\" srcset=\"https:\/\/www.sudoestehoje.com.br\/novoportal\/wp-content\/uploads\/2019\/09\/csm_jessica_e290d87109-500x340.jpg 500w, https:\/\/www.sudoestehoje.com.br\/novoportal\/wp-content\/uploads\/2019\/09\/csm_jessica_e290d87109-768x522.jpg 768w, https:\/\/www.sudoestehoje.com.br\/novoportal\/wp-content\/uploads\/2019\/09\/csm_jessica_e290d87109-700x476.jpg 700w, https:\/\/www.sudoestehoje.com.br\/novoportal\/wp-content\/uploads\/2019\/09\/csm_jessica_e290d87109.jpg 940w\" sizes=\"auto, (max-width: 500px) 100vw, 500px\" \/><\/a><\/p>\n<p class=\"bodytext\">A apari\u00e7\u00e3o da jornalista e apresentadora baiana J\u00e9ssica Senra no\u00a0Jornal Nacional (JN)\u00a0deste s\u00e1bado (7) est\u00e1 dando o que falar nas ruas e na web. Ansiosos, os baianos querem ver a representante do seu estado na bancada do telejornal.\u00a0Mas antes, nesta sexta-feira (6), eles tamb\u00e9m viram J\u00e9ssica no JN, j\u00e1 que ela e o jornalista\u00a0Ayres Rocha &#8211; representante do Acre &#8211;\u00a0foram apresentados ao p\u00fablico por William Bonner e Renata Vasconcellos.<\/p>\n<p class=\"bodytext\">Os \u00e2ncoras oficiais do telejornal bateram um papo com os jornalistas convidados direto na bancada do JN, no Rio de Janeiro. &#8220;Acho ela muito boa e carism\u00e1tica&#8221;, comentou uma seguidora, no Twitter. Outro internauta destacou que n\u00e3o vai perder o JN por nada: &#8220;Agora que n\u00e3o perco mesmo!&#8221;. &#8220;Vai representar muito bem a Bahia&#8221;, comentou mais um. <strong><em>\/\/Correio<\/em><\/strong><\/p>\n","protected":false},"excerpt":{"rendered":"<p>A apari\u00e7\u00e3o da jornalista e apresentadora baiana J\u00e9ssica Senra no\u00a0Jornal Nacional (JN)\u00a0deste s\u00e1bado (7) est\u00e1 dando o que falar nas ruas e na web. Ansiosos, os baianos querem ver a representante do seu estado na bancada do telejornal.\u00a0Mas antes, nesta sexta-feira (6), eles tamb\u00e9m viram J\u00e9ssica no JN, j\u00e1 que ela e o jornalista\u00a0Ayres Rocha [&hellip;]<\/p>\n","protected":false},"author":2,"featured_media":82090,"comment_status":"open","ping_status":"open","sticky":false,"template":"","format":"standard","meta":{"footnotes":"","_links_to":"","_links_to_target":""},"categories":[1],"tags":[],"class_list":["post-82088","post","type-post","status-publish","format-standard","has-post-thumbnail","hentry","category-geral"],"views":940,"_links":{"self":[{"href":"https:\/\/www.sudoestehoje.com.br\/novoportal\/wp-json\/wp\/v2\/posts\/82088","targetHints":{"allow":["GET"]}}],"collection":[{"href":"https:\/\/www.sudoestehoje.com.br\/novoportal\/wp-json\/wp\/v2\/posts"}],"about":[{"href":"https:\/\/www.sudoestehoje.com.br\/novoportal\/wp-json\/wp\/v2\/types\/post"}],"author":[{"embeddable":true,"href":"https:\/\/www.sudoestehoje.com.br\/novoportal\/wp-json\/wp\/v2\/users\/2"}],"replies":[{"embeddable":true,"href":"https:\/\/www.sudoestehoje.com.br\/novoportal\/wp-json\/wp\/v2\/comments?post=82088"}],"version-history":[{"count":2,"href":"https:\/\/www.sudoestehoje.com.br\/novoportal\/wp-json\/wp\/v2\/posts\/82088\/revisions"}],"predecessor-version":[{"id":82091,"href":"https:\/\/www.sudoestehoje.com.br\/novoportal\/wp-json\/wp\/v2\/posts\/82088\/revisions\/82091"}],"wp:featuredmedia":[{"embeddable":true,"href":"https:\/\/www.sudoestehoje.com.br\/novoportal\/wp-json\/wp\/v2\/media\/82090"}],"wp:attachment":[{"href":"https:\/\/www.sudoestehoje.com.br\/novoportal\/wp-json\/wp\/v2\/media?parent=82088"}],"wp:term":[{"taxonomy":"category","embeddable":true,"href":"https:\/\/www.sudoestehoje.com.br\/novoportal\/wp-json\/wp\/v2\/categories?post=82088"},{"taxonomy":"post_tag","embeddable":true,"href":"https:\/\/www.sudoestehoje.com.br\/novoportal\/wp-json\/wp\/v2\/tags?post=82088"}],"curies":[{"name":"wp","href":"https:\/\/api.w.org\/{rel}","templated":true}]}}