
{"id":82052,"date":"2019-09-05T18:45:42","date_gmt":"2019-09-05T21:45:42","guid":{"rendered":"https:\/\/www.sudoestehoje.com.br\/novoportal\/?p=82052"},"modified":"2019-09-06T19:54:18","modified_gmt":"2019-09-06T22:54:18","slug":"itapetinga-acusados-pelo-assassinato-do-fazendeiro-teo-sao-presos-pela-policia-civil","status":"publish","type":"post","link":"https:\/\/www.sudoestehoje.com.br\/novoportal\/2019\/09\/05\/itapetinga-acusados-pelo-assassinato-do-fazendeiro-teo-sao-presos-pela-policia-civil\/","title":{"rendered":"ITAPETINGA: ACUSADOS PELO ASSASSINATO DO FAZENDEIRO T\u00c9O S\u00c3O PRESOS PELA POL\u00cdCIA CIVIL"},"content":{"rendered":"<p><a href=\"https:\/\/www.sudoestehoje.com.br\/novoportal\/wp-content\/uploads\/2019\/09\/crime-t\u00e9o-1.jpeg\"><img loading=\"lazy\" decoding=\"async\" class=\"aligncenter wp-image-82054\" src=\"https:\/\/www.sudoestehoje.com.br\/novoportal\/wp-content\/uploads\/2019\/09\/crime-t\u00e9o-1-385x700.jpeg\" alt=\"\" width=\"501\" height=\"911\" srcset=\"https:\/\/www.sudoestehoje.com.br\/novoportal\/wp-content\/uploads\/2019\/09\/crime-t\u00e9o-1-385x700.jpeg 385w, https:\/\/www.sudoestehoje.com.br\/novoportal\/wp-content\/uploads\/2019\/09\/crime-t\u00e9o-1-495x900.jpeg 495w, https:\/\/www.sudoestehoje.com.br\/novoportal\/wp-content\/uploads\/2019\/09\/crime-t\u00e9o-1.jpeg 528w\" sizes=\"auto, (max-width: 501px) 100vw, 501px\" \/><\/a><\/p>\n<p>Os delegados Roberto J\u00fanior (Coordenador Regional da 21\u00aa COORPIN) e Irineu Andrade (Titular da DT de Itapetinga) desde as primeiras\u00a0 horas da manh\u00e3 desta quinta-feira (5), est\u00e3o coordenando uma mega opera\u00e7\u00e3o na regi\u00e3o, incluindo o munic\u00edpio de Itapetinga, com intuito de prender os suspeitos de envolvimento no referido crime, sendo dois homens e uma mulher, os quais est\u00e3o sendo interrogados neste momento na sede Coordenadoria Regional de Pol\u00edcia.<\/p>\n<p>No final da tarde os nomes dos suspeitos foram revelados:<\/p>\n<p>JANES MERES NASCIMENTO, 59 anos, sua filha ALANA NASCIMENTO DE OLIVEIRA, 38 anos e ELVIS SANTOS CAMPOS, vulgo \u201cBUGA\u201d, 36 anos, esposo de ALANA.<\/p>\n<p>A motiva\u00e7\u00e3o do crime, segundo a Pol\u00edcia Civil, estaria relacionada a disputa na fam\u00edlia pela heran\u00e7a do fazendeiro ROSALVO &#8216;VAMPIRO&#8217;.<\/p>\n<p>O CRIME<\/p>\n<p>O crime que teve grande repercuss\u00e3o no estado aconteceu no dia 27 de maio de 2019, quando o pecuarista J\u00falio C\u00e9sar Correia de Almeida, conhecido como T\u00e9o, 50 anos, saiu de casa por volta das 13 horas, em dire\u00e7\u00e3o \u00e0 Fazenda Camponesa, distante 18 km de Itapetinga, nas imedia\u00e7\u00f5es da Balsa de Herm\u00f3genes, pilotando uma motocicleta Honda Bros, cor preta, de placa PLF \u2013 6668.<\/p>\n<p>Na estrada vicinal conhecida como Estrada da balsa, a Pol\u00edcia Civil encontrou no dia seguinte um capacete perfurado de bala e um proj\u00e9til, al\u00e9m de manchas de sangue no local, contudo, o corpo de T\u00e9o n\u00e3o foi localizado\u2026<\/p>\n<p>O corpo do pecuarista s\u00f3 foi localizado na manh\u00e3 do dia 30 de maio, nas imaedia\u00e7\u00f5es da ponte do Rio Pardo, na Rodovia Itapetinga\/Potiragu\u00e1. Nos \u00faltimos tr\u00eas meses a Pol\u00edcia Civil de Itapetinga n\u00e3o mediu esfor\u00e7os para montar o quebra-cabe\u00e7a do caso emblem\u00e1tico, filtrando todo material dispon\u00edvel, as oitivas, as v\u00e1rias linhas de investiga\u00e7\u00e3o para definir autoria e motiva\u00e7\u00e3o. <em>\/\/Informa\u00e7\u00f5es Itapetinga na M\u00eddia<\/em><\/p>\n","protected":false},"excerpt":{"rendered":"<p>Os delegados Roberto J\u00fanior (Coordenador Regional da 21\u00aa COORPIN) e Irineu Andrade (Titular da DT de Itapetinga) desde as primeiras\u00a0 horas da manh\u00e3 desta quinta-feira (5), est\u00e3o coordenando uma mega opera\u00e7\u00e3o na regi\u00e3o, incluindo o munic\u00edpio de Itapetinga, com intuito de prender os suspeitos de envolvimento no referido crime, sendo dois homens e uma mulher, [&hellip;]<\/p>\n","protected":false},"author":2,"featured_media":82054,"comment_status":"open","ping_status":"open","sticky":false,"template":"","format":"standard","meta":{"footnotes":"","_links_to":"","_links_to_target":""},"categories":[1],"tags":[],"class_list":["post-82052","post","type-post","status-publish","format-standard","has-post-thumbnail","hentry","category-geral"],"views":1972,"_links":{"self":[{"href":"https:\/\/www.sudoestehoje.com.br\/novoportal\/wp-json\/wp\/v2\/posts\/82052","targetHints":{"allow":["GET"]}}],"collection":[{"href":"https:\/\/www.sudoestehoje.com.br\/novoportal\/wp-json\/wp\/v2\/posts"}],"about":[{"href":"https:\/\/www.sudoestehoje.com.br\/novoportal\/wp-json\/wp\/v2\/types\/post"}],"author":[{"embeddable":true,"href":"https:\/\/www.sudoestehoje.com.br\/novoportal\/wp-json\/wp\/v2\/users\/2"}],"replies":[{"embeddable":true,"href":"https:\/\/www.sudoestehoje.com.br\/novoportal\/wp-json\/wp\/v2\/comments?post=82052"}],"version-history":[{"count":6,"href":"https:\/\/www.sudoestehoje.com.br\/novoportal\/wp-json\/wp\/v2\/posts\/82052\/revisions"}],"predecessor-version":[{"id":82085,"href":"https:\/\/www.sudoestehoje.com.br\/novoportal\/wp-json\/wp\/v2\/posts\/82052\/revisions\/82085"}],"wp:featuredmedia":[{"embeddable":true,"href":"https:\/\/www.sudoestehoje.com.br\/novoportal\/wp-json\/wp\/v2\/media\/82054"}],"wp:attachment":[{"href":"https:\/\/www.sudoestehoje.com.br\/novoportal\/wp-json\/wp\/v2\/media?parent=82052"}],"wp:term":[{"taxonomy":"category","embeddable":true,"href":"https:\/\/www.sudoestehoje.com.br\/novoportal\/wp-json\/wp\/v2\/categories?post=82052"},{"taxonomy":"post_tag","embeddable":true,"href":"https:\/\/www.sudoestehoje.com.br\/novoportal\/wp-json\/wp\/v2\/tags?post=82052"}],"curies":[{"name":"wp","href":"https:\/\/api.w.org\/{rel}","templated":true}]}}