
{"id":82047,"date":"2019-09-05T17:57:45","date_gmt":"2019-09-05T20:57:45","guid":{"rendered":"https:\/\/www.sudoestehoje.com.br\/novoportal\/?p=82047"},"modified":"2019-09-05T17:57:45","modified_gmt":"2019-09-05T20:57:45","slug":"bolsonaro-escolhe-o-baiano-augusto-aras-como-novo-procurador-geral-da-republica","status":"publish","type":"post","link":"https:\/\/www.sudoestehoje.com.br\/novoportal\/2019\/09\/05\/bolsonaro-escolhe-o-baiano-augusto-aras-como-novo-procurador-geral-da-republica\/","title":{"rendered":"BOLSONARO ESCOLHE O BAIANO AUGUSTO ARAS COMO NOVO PROCURADOR GERAL DA REP\u00daBLICA"},"content":{"rendered":"<p><a href=\"https:\/\/www.sudoestehoje.com.br\/novoportal\/wp-content\/uploads\/2019\/09\/AUGUSTO-ARAS.jpg\"><img loading=\"lazy\" decoding=\"async\" class=\"aligncenter size-medium wp-image-82050\" src=\"https:\/\/www.sudoestehoje.com.br\/novoportal\/wp-content\/uploads\/2019\/09\/AUGUSTO-ARAS-500x311.jpg\" alt=\"\" width=\"500\" height=\"311\" srcset=\"https:\/\/www.sudoestehoje.com.br\/novoportal\/wp-content\/uploads\/2019\/09\/AUGUSTO-ARAS-500x311.jpg 500w, https:\/\/www.sudoestehoje.com.br\/novoportal\/wp-content\/uploads\/2019\/09\/AUGUSTO-ARAS-768x478.jpg 768w, https:\/\/www.sudoestehoje.com.br\/novoportal\/wp-content\/uploads\/2019\/09\/AUGUSTO-ARAS-700x436.jpg 700w, https:\/\/www.sudoestehoje.com.br\/novoportal\/wp-content\/uploads\/2019\/09\/AUGUSTO-ARAS.jpg 940w\" sizes=\"auto, (max-width: 500px) 100vw, 500px\" \/><\/a><\/p>\n<p class=\"bodytext\">O presidente Jair Bolsonaro indicou nesta quinta-feira, 5, ao cargo de procurador-geral da Rep\u00fablica o subprocurador Augusto Aras. O nome ainda precisa ser aprovado pelo Senado. Segundo o Estad\u00e3o, os dois conversaram por telefone no in\u00edcio da tarde desta quinta.<\/p>\n<p class=\"bodytext\">Aras substituir\u00e1 Raquel Dodge no cargo. O mandato dela acaba no dia 17 de setembro. Como o prazo para a tramita\u00e7\u00e3o no Senado \u00e9 curto, o mais prov\u00e1vel \u00e9 que haja um per\u00edodo de transi\u00e7\u00e3o entre e Dodge e o novo indicado.<\/p>\n<p>Nos \u00faltimos meses, Aras se reuniu com Bolsonaro ao menos cinco vezes, fora da agenda do presidente.<\/p>\n<p>O presidente confirmou a indica\u00e7\u00e3o durante a inaugura\u00e7\u00e3o do Observat\u00f3rio da Agropecu\u00e1ria Brasileira, na tarde desta quinta.\u00a0<em>&#8220;Acabei de indicar Augusto Aras para chefiar o Minist\u00e9rio P\u00fablico Federal.\u00a0Uma das coisas conversadas com ele, e j\u00e1 era sua pr\u00e1tica tamb\u00e9m, \u00e9 na quest\u00e3o ambiental. O respeito ao produtor rural, e tamb\u00e9m o casamento da preserva\u00e7\u00e3o do meio ambiente com o produtor. Ent\u00e3o, \u00e9 um homem que estar\u00e1, n\u00e3o digo ao nosso lado, ao lado do Brasil nas quest\u00f5es afeta (sic) a Procuradoria Geral da Rep\u00fablica&#8221;<\/em>, anunciou ele.<\/p>\n","protected":false},"excerpt":{"rendered":"<p>O presidente Jair Bolsonaro indicou nesta quinta-feira, 5, ao cargo de procurador-geral da Rep\u00fablica o subprocurador Augusto Aras. O nome ainda precisa ser aprovado pelo Senado. Segundo o Estad\u00e3o, os dois conversaram por telefone no in\u00edcio da tarde desta quinta. Aras substituir\u00e1 Raquel Dodge no cargo. O mandato dela acaba no dia 17 de setembro. [&hellip;]<\/p>\n","protected":false},"author":2,"featured_media":82050,"comment_status":"open","ping_status":"open","sticky":false,"template":"","format":"standard","meta":{"footnotes":"","_links_to":"","_links_to_target":""},"categories":[1],"tags":[],"class_list":["post-82047","post","type-post","status-publish","format-standard","has-post-thumbnail","hentry","category-geral"],"views":708,"_links":{"self":[{"href":"https:\/\/www.sudoestehoje.com.br\/novoportal\/wp-json\/wp\/v2\/posts\/82047","targetHints":{"allow":["GET"]}}],"collection":[{"href":"https:\/\/www.sudoestehoje.com.br\/novoportal\/wp-json\/wp\/v2\/posts"}],"about":[{"href":"https:\/\/www.sudoestehoje.com.br\/novoportal\/wp-json\/wp\/v2\/types\/post"}],"author":[{"embeddable":true,"href":"https:\/\/www.sudoestehoje.com.br\/novoportal\/wp-json\/wp\/v2\/users\/2"}],"replies":[{"embeddable":true,"href":"https:\/\/www.sudoestehoje.com.br\/novoportal\/wp-json\/wp\/v2\/comments?post=82047"}],"version-history":[{"count":3,"href":"https:\/\/www.sudoestehoje.com.br\/novoportal\/wp-json\/wp\/v2\/posts\/82047\/revisions"}],"predecessor-version":[{"id":82051,"href":"https:\/\/www.sudoestehoje.com.br\/novoportal\/wp-json\/wp\/v2\/posts\/82047\/revisions\/82051"}],"wp:featuredmedia":[{"embeddable":true,"href":"https:\/\/www.sudoestehoje.com.br\/novoportal\/wp-json\/wp\/v2\/media\/82050"}],"wp:attachment":[{"href":"https:\/\/www.sudoestehoje.com.br\/novoportal\/wp-json\/wp\/v2\/media?parent=82047"}],"wp:term":[{"taxonomy":"category","embeddable":true,"href":"https:\/\/www.sudoestehoje.com.br\/novoportal\/wp-json\/wp\/v2\/categories?post=82047"},{"taxonomy":"post_tag","embeddable":true,"href":"https:\/\/www.sudoestehoje.com.br\/novoportal\/wp-json\/wp\/v2\/tags?post=82047"}],"curies":[{"name":"wp","href":"https:\/\/api.w.org\/{rel}","templated":true}]}}