
{"id":82032,"date":"2019-09-05T00:20:37","date_gmt":"2019-09-05T03:20:37","guid":{"rendered":"https:\/\/www.sudoestehoje.com.br\/novoportal\/?p=82032"},"modified":"2019-09-05T00:20:37","modified_gmt":"2019-09-05T03:20:37","slug":"associacao-de-veterinarios-de-itapetinga-promove-treinamento-para-diagnostico-da-raiva-dos-herbivoros","status":"publish","type":"post","link":"https:\/\/www.sudoestehoje.com.br\/novoportal\/2019\/09\/05\/associacao-de-veterinarios-de-itapetinga-promove-treinamento-para-diagnostico-da-raiva-dos-herbivoros\/","title":{"rendered":"ASSOCIA\u00c7\u00c3O DE VETERIN\u00c1RIOS DE ITAPETINGA PROMOVE TREINAMENTO PARA DIAGN\u00d3STICO DA RAIVA DOS HERB\u00cdVOROS"},"content":{"rendered":"<p><a href=\"https:\/\/www.sudoestehoje.com.br\/novoportal\/wp-content\/uploads\/2019\/09\/RAIVA.jpg\"><img loading=\"lazy\" decoding=\"async\" class=\"aligncenter size-medium wp-image-82033\" src=\"https:\/\/www.sudoestehoje.com.br\/novoportal\/wp-content\/uploads\/2019\/09\/RAIVA-500x300.jpg\" alt=\"\" width=\"500\" height=\"300\" srcset=\"https:\/\/www.sudoestehoje.com.br\/novoportal\/wp-content\/uploads\/2019\/09\/RAIVA-500x300.jpg 500w, https:\/\/www.sudoestehoje.com.br\/novoportal\/wp-content\/uploads\/2019\/09\/RAIVA-768x461.jpg 768w, https:\/\/www.sudoestehoje.com.br\/novoportal\/wp-content\/uploads\/2019\/09\/RAIVA-700x420.jpg 700w, https:\/\/www.sudoestehoje.com.br\/novoportal\/wp-content\/uploads\/2019\/09\/RAIVA.jpg 800w\" sizes=\"auto, (max-width: 500px) 100vw, 500px\" \/><\/a><\/p>\n<p>Nesta quinta-feira (5), a Associa\u00e7\u00e3o dos M\u00e9dicos Veterin\u00e1rios de Itapetinga e Regi\u00e3o-ASMEVI, em parceria com a ADAB, estar\u00e1 realizando o Treinamento para Colheita de Material para Diagn\u00f3stico da Raiva dos Herb\u00edvoros e Encefalopatia Espongiforme Bovina EEB, que faz parte das comemora\u00e7\u00f5es do dia do M\u00c9DICO VETERIN\u00c1RIO<\/p>\n<p>O treinamento acontecer amanh\u00e3, \u00e0s 8hs30, no Parque de Exposi\u00e7\u00e3o de Itapetinga, e \u00e0 partir das 20h\u00a0 haver\u00e1 uma confraterniza\u00e7\u00e3o alusiva \u00e0 profiss\u00e3o do M\u00e9dico Veterin\u00e1rio.<\/p>\n<p><a href=\"https:\/\/forms.gle\/6Zthsng9WDmXDHsZ7\">LINK PARA INSCRI\u00c7\u00c3O<\/a><\/p>\n","protected":false},"excerpt":{"rendered":"<p>Nesta quinta-feira (5), a Associa\u00e7\u00e3o dos M\u00e9dicos Veterin\u00e1rios de Itapetinga e Regi\u00e3o-ASMEVI, em parceria com a ADAB, estar\u00e1 realizando o Treinamento para Colheita de Material para Diagn\u00f3stico da Raiva dos Herb\u00edvoros e Encefalopatia Espongiforme Bovina EEB, que faz parte das comemora\u00e7\u00f5es do dia do M\u00c9DICO VETERIN\u00c1RIO O treinamento acontecer amanh\u00e3, \u00e0s 8hs30, no Parque de [&hellip;]<\/p>\n","protected":false},"author":2,"featured_media":82033,"comment_status":"open","ping_status":"open","sticky":false,"template":"","format":"standard","meta":{"footnotes":"","_links_to":"","_links_to_target":""},"categories":[1],"tags":[],"class_list":["post-82032","post","type-post","status-publish","format-standard","has-post-thumbnail","hentry","category-geral"],"views":691,"_links":{"self":[{"href":"https:\/\/www.sudoestehoje.com.br\/novoportal\/wp-json\/wp\/v2\/posts\/82032","targetHints":{"allow":["GET"]}}],"collection":[{"href":"https:\/\/www.sudoestehoje.com.br\/novoportal\/wp-json\/wp\/v2\/posts"}],"about":[{"href":"https:\/\/www.sudoestehoje.com.br\/novoportal\/wp-json\/wp\/v2\/types\/post"}],"author":[{"embeddable":true,"href":"https:\/\/www.sudoestehoje.com.br\/novoportal\/wp-json\/wp\/v2\/users\/2"}],"replies":[{"embeddable":true,"href":"https:\/\/www.sudoestehoje.com.br\/novoportal\/wp-json\/wp\/v2\/comments?post=82032"}],"version-history":[{"count":3,"href":"https:\/\/www.sudoestehoje.com.br\/novoportal\/wp-json\/wp\/v2\/posts\/82032\/revisions"}],"predecessor-version":[{"id":82036,"href":"https:\/\/www.sudoestehoje.com.br\/novoportal\/wp-json\/wp\/v2\/posts\/82032\/revisions\/82036"}],"wp:featuredmedia":[{"embeddable":true,"href":"https:\/\/www.sudoestehoje.com.br\/novoportal\/wp-json\/wp\/v2\/media\/82033"}],"wp:attachment":[{"href":"https:\/\/www.sudoestehoje.com.br\/novoportal\/wp-json\/wp\/v2\/media?parent=82032"}],"wp:term":[{"taxonomy":"category","embeddable":true,"href":"https:\/\/www.sudoestehoje.com.br\/novoportal\/wp-json\/wp\/v2\/categories?post=82032"},{"taxonomy":"post_tag","embeddable":true,"href":"https:\/\/www.sudoestehoje.com.br\/novoportal\/wp-json\/wp\/v2\/tags?post=82032"}],"curies":[{"name":"wp","href":"https:\/\/api.w.org\/{rel}","templated":true}]}}