
{"id":81980,"date":"2019-09-03T10:10:17","date_gmt":"2019-09-03T13:10:17","guid":{"rendered":"https:\/\/www.sudoestehoje.com.br\/novoportal\/?p=81980"},"modified":"2019-09-03T10:10:17","modified_gmt":"2019-09-03T13:10:17","slug":"ex-governadores-garotinho-e-rosinha-sao-presos-em-operacao-no-rio-de-janeiro","status":"publish","type":"post","link":"https:\/\/www.sudoestehoje.com.br\/novoportal\/2019\/09\/03\/ex-governadores-garotinho-e-rosinha-sao-presos-em-operacao-no-rio-de-janeiro\/","title":{"rendered":"EX-GOVERNADORES GAROTINHO E ROSINHA S\u00c3O PRESOS EM OPERA\u00c7\u00c3O NO RIO DE JANEIRO"},"content":{"rendered":"<div class=\"mc-column content-text active-extra-styles \" data-block-type=\"unstyled\" data-block-weight=\"23\" data-block-id=\"2\">\n<p data-track-category=\"Link no Texto\" data-track-links=\"\"><a href=\"https:\/\/www.sudoestehoje.com.br\/novoportal\/wp-content\/uploads\/2019\/09\/GAROTINHO-PRESO.jpg\"><img loading=\"lazy\" decoding=\"async\" class=\"aligncenter size-medium wp-image-81982\" src=\"https:\/\/www.sudoestehoje.com.br\/novoportal\/wp-content\/uploads\/2019\/09\/GAROTINHO-PRESO-500x281.jpg\" alt=\"\" width=\"500\" height=\"281\" srcset=\"https:\/\/www.sudoestehoje.com.br\/novoportal\/wp-content\/uploads\/2019\/09\/GAROTINHO-PRESO-500x281.jpg 500w, https:\/\/www.sudoestehoje.com.br\/novoportal\/wp-content\/uploads\/2019\/09\/GAROTINHO-PRESO.jpg 640w\" sizes=\"auto, (max-width: 500px) 100vw, 500px\" \/><\/a><\/p>\n<p class=\"content-text__container \" data-track-category=\"Link no Texto\" data-track-links=\"\">Uma opera\u00e7\u00e3o do Minist\u00e9rio P\u00fablico do RJ prendeu na manh\u00e3 desta ter\u00e7a-feira (3) os ex-governadores\u00a0<a href=\"https:\/\/g1.globo.com\/politica\/politico\/garotinho\/\">Anthony Garotinho<\/a>\u00a0(sem partido) e\u00a0<a href=\"https:\/\/g1.globo.com\/politica\/politico\/rosinha-garotinho\/\">Rosinha Matheus<\/a> (Patriota). O casal e outras tr\u00eas pessoas s\u00e3o suspeitos de participa\u00e7\u00e3o em um esquema de superfaturamento em contratos celebrados entre a Prefeitura de Campos e a construtora Odebrecht.<\/p>\n<\/div>\n<div class=\"wall protected-content\">\n<div class=\"mc-column content-text active-extra-styles \" data-block-type=\"unstyled\" data-block-weight=\"19\" data-block-id=\"4\">\n<p class=\"content-text__container \" data-track-category=\"Link no Texto\" data-track-links=\"\">O preju\u00edzo aos cofres p\u00fablicos pode chegar a R$ 60 milh\u00f5es, segundo dela\u00e7\u00f5es prestadas \u00e0 for\u00e7a-tarefa da Lava Jato.<\/p>\n<\/div>\n<div class=\"mc-column content-text active-extra-styles \" data-block-type=\"unstyled\" data-block-weight=\"13\" data-block-id=\"5\">\n<p class=\"content-text__container \" data-track-category=\"Link no Texto\" data-track-links=\"\">At\u00e9 as 8h50, somente um mandado de pris\u00e3o ainda n\u00e3o havia sido cumprido.<\/p>\n<\/div>\n<div class=\"mc-column content-text active-extra-styles \" data-block-type=\"unstyled\" data-block-weight=\"52\" data-block-id=\"6\">\n<p class=\"content-text__container \" data-track-category=\"Link no Texto\" data-track-links=\"\">Garotinho e Rosinha foram presos em casa, no Flamengo, Zona Sul do Rio, e levados para a Cidade da Pol\u00edcia, na Zona Norte, aonde chegaram por volta das 7h30. A previs\u00e3o \u00e9 que o casal passe por exame de corpo de delito no IML e pela triagem do sistema carcer\u00e1rio, em Benfica.<\/p>\n<\/div>\n<div class=\"mc-column content-text active-extra-styles \" data-block-type=\"unstyled\" data-block-weight=\"17\" data-block-id=\"7\">\n<p class=\"content-text__container \" data-track-category=\"Link no Texto\" data-track-links=\"\">\u00c9 a quarta vez que o ex-governador \u00e9 preso &#8211; e a segunda da mulher dele.<\/p>\n<\/div>\n<\/div>\n","protected":false},"excerpt":{"rendered":"<p>Uma opera\u00e7\u00e3o do Minist\u00e9rio P\u00fablico do RJ prendeu na manh\u00e3 desta ter\u00e7a-feira (3) os ex-governadores\u00a0Anthony Garotinho\u00a0(sem partido) e\u00a0Rosinha Matheus (Patriota). O casal e outras tr\u00eas pessoas s\u00e3o suspeitos de participa\u00e7\u00e3o em um esquema de superfaturamento em contratos celebrados entre a Prefeitura de Campos e a construtora Odebrecht. O preju\u00edzo aos cofres p\u00fablicos pode chegar a [&hellip;]<\/p>\n","protected":false},"author":2,"featured_media":81982,"comment_status":"open","ping_status":"open","sticky":false,"template":"","format":"standard","meta":{"footnotes":"","_links_to":"","_links_to_target":""},"categories":[1],"tags":[],"class_list":["post-81980","post","type-post","status-publish","format-standard","has-post-thumbnail","hentry","category-geral"],"views":728,"_links":{"self":[{"href":"https:\/\/www.sudoestehoje.com.br\/novoportal\/wp-json\/wp\/v2\/posts\/81980","targetHints":{"allow":["GET"]}}],"collection":[{"href":"https:\/\/www.sudoestehoje.com.br\/novoportal\/wp-json\/wp\/v2\/posts"}],"about":[{"href":"https:\/\/www.sudoestehoje.com.br\/novoportal\/wp-json\/wp\/v2\/types\/post"}],"author":[{"embeddable":true,"href":"https:\/\/www.sudoestehoje.com.br\/novoportal\/wp-json\/wp\/v2\/users\/2"}],"replies":[{"embeddable":true,"href":"https:\/\/www.sudoestehoje.com.br\/novoportal\/wp-json\/wp\/v2\/comments?post=81980"}],"version-history":[{"count":2,"href":"https:\/\/www.sudoestehoje.com.br\/novoportal\/wp-json\/wp\/v2\/posts\/81980\/revisions"}],"predecessor-version":[{"id":81983,"href":"https:\/\/www.sudoestehoje.com.br\/novoportal\/wp-json\/wp\/v2\/posts\/81980\/revisions\/81983"}],"wp:featuredmedia":[{"embeddable":true,"href":"https:\/\/www.sudoestehoje.com.br\/novoportal\/wp-json\/wp\/v2\/media\/81982"}],"wp:attachment":[{"href":"https:\/\/www.sudoestehoje.com.br\/novoportal\/wp-json\/wp\/v2\/media?parent=81980"}],"wp:term":[{"taxonomy":"category","embeddable":true,"href":"https:\/\/www.sudoestehoje.com.br\/novoportal\/wp-json\/wp\/v2\/categories?post=81980"},{"taxonomy":"post_tag","embeddable":true,"href":"https:\/\/www.sudoestehoje.com.br\/novoportal\/wp-json\/wp\/v2\/tags?post=81980"}],"curies":[{"name":"wp","href":"https:\/\/api.w.org\/{rel}","templated":true}]}}