
{"id":81977,"date":"2019-09-03T09:33:24","date_gmt":"2019-09-03T12:33:24","guid":{"rendered":"https:\/\/www.sudoestehoje.com.br\/novoportal\/?p=81977"},"modified":"2019-09-03T09:33:24","modified_gmt":"2019-09-03T12:33:24","slug":"regiao-menina-de-10-anos-morre-afogada-em-acude-de-barra-do-choca","status":"publish","type":"post","link":"https:\/\/www.sudoestehoje.com.br\/novoportal\/2019\/09\/03\/regiao-menina-de-10-anos-morre-afogada-em-acude-de-barra-do-choca\/","title":{"rendered":"REGI\u00c3O: MENINA DE 10 ANOS MORRE AFOGADA EM A\u00c7UDE DE BARRA DO CHO\u00c7A"},"content":{"rendered":"<div class=\"mc-column content-text active-extra-styles active-capital-letter\" data-block-type=\"unstyled\" data-block-weight=\"34\" data-block-id=\"1\">\n<p data-track-category=\"Link no Texto\" data-track-links=\"\"><a href=\"https:\/\/www.sudoestehoje.com.br\/novoportal\/wp-content\/uploads\/2019\/09\/A\u00c7UDE-BARRA-NOVA.jpg\"><img loading=\"lazy\" decoding=\"async\" class=\"aligncenter size-medium wp-image-81978\" src=\"https:\/\/www.sudoestehoje.com.br\/novoportal\/wp-content\/uploads\/2019\/09\/A\u00c7UDE-BARRA-NOVA-500x282.jpg\" alt=\"\" width=\"500\" height=\"282\" srcset=\"https:\/\/www.sudoestehoje.com.br\/novoportal\/wp-content\/uploads\/2019\/09\/A\u00c7UDE-BARRA-NOVA-500x282.jpg 500w, https:\/\/www.sudoestehoje.com.br\/novoportal\/wp-content\/uploads\/2019\/09\/A\u00c7UDE-BARRA-NOVA-768x432.jpg 768w, https:\/\/www.sudoestehoje.com.br\/novoportal\/wp-content\/uploads\/2019\/09\/A\u00c7UDE-BARRA-NOVA-700x394.jpg 700w, https:\/\/www.sudoestehoje.com.br\/novoportal\/wp-content\/uploads\/2019\/09\/A\u00c7UDE-BARRA-NOVA.jpg 1000w\" sizes=\"auto, (max-width: 500px) 100vw, 500px\" \/><\/a><\/p>\n<p class=\"content-text__container theme-color-primary-first-letter\" data-track-category=\"Link no Texto\" data-track-links=\"\">Uma menina de 10 anos morreu ap\u00f3s se afogar em um a\u00e7ude de Barra do Cho\u00e7a, cidade da regi\u00e3o sudoeste da Bahia, na segunda-feira (2). A informa\u00e7\u00e3o foi confirmada pela delegada Gabriela Vieira.<\/p>\n<\/div>\n<div class=\"wall protected-content\">\n<div class=\"mc-column content-text active-extra-styles \" data-block-type=\"unstyled\" data-block-weight=\"33\" data-block-id=\"2\">\n<p class=\"content-text__container \" data-track-category=\"Link no Texto\" data-track-links=\"\">Conforme a delegada, a menina brincava com outras crian\u00e7as, pr\u00f3ximo ao a\u00e7ude, que fica no distrito de Barra Nova, quando resolveu entrar para tomar banho. Durante o mergulho, ela acabou se afogando.<\/p>\n<\/div>\n<div class=\"mc-column content-text active-extra-styles \" data-block-type=\"unstyled\" data-block-weight=\"47\" data-block-id=\"3\">\n<p class=\"content-text__container \" data-track-category=\"Link no Texto\" data-track-links=\"\">Ainda de acordo com a delegada, as crian\u00e7as estavam sozinhas no local, sem nenhum adulto por perto. Quando a menina foi retirada do a\u00e7ude, j\u00e1 estava morta. O corpo dela foi encaminhado para o Departamento de Pol\u00edcia T\u00e9cnica (DPT) da regi\u00e3o. N\u00e3o h\u00e1 informa\u00e7\u00f5es sobre sepultamento.<\/p>\n<\/div>\n<div class=\"mc-column content-text active-extra-styles \" data-block-type=\"unstyled\" data-block-weight=\"22\" data-block-id=\"4\">\n<p class=\"content-text__container \" data-track-category=\"Link no Texto\" data-track-links=\"\">O\u00a0<strong>G1<\/strong>\u00a0entrou em contato com o Corpo de Bombeiros para saber se eles foram acionados para ocorr\u00eancia, e aguarda retorno.<\/p>\n<\/div>\n<\/div>\n","protected":false},"excerpt":{"rendered":"<p>Uma menina de 10 anos morreu ap\u00f3s se afogar em um a\u00e7ude de Barra do Cho\u00e7a, cidade da regi\u00e3o sudoeste da Bahia, na segunda-feira (2). A informa\u00e7\u00e3o foi confirmada pela delegada Gabriela Vieira. Conforme a delegada, a menina brincava com outras crian\u00e7as, pr\u00f3ximo ao a\u00e7ude, que fica no distrito de Barra Nova, quando resolveu entrar [&hellip;]<\/p>\n","protected":false},"author":2,"featured_media":81978,"comment_status":"open","ping_status":"open","sticky":false,"template":"","format":"standard","meta":{"footnotes":"","_links_to":"","_links_to_target":""},"categories":[1],"tags":[],"class_list":["post-81977","post","type-post","status-publish","format-standard","has-post-thumbnail","hentry","category-geral"],"views":839,"_links":{"self":[{"href":"https:\/\/www.sudoestehoje.com.br\/novoportal\/wp-json\/wp\/v2\/posts\/81977","targetHints":{"allow":["GET"]}}],"collection":[{"href":"https:\/\/www.sudoestehoje.com.br\/novoportal\/wp-json\/wp\/v2\/posts"}],"about":[{"href":"https:\/\/www.sudoestehoje.com.br\/novoportal\/wp-json\/wp\/v2\/types\/post"}],"author":[{"embeddable":true,"href":"https:\/\/www.sudoestehoje.com.br\/novoportal\/wp-json\/wp\/v2\/users\/2"}],"replies":[{"embeddable":true,"href":"https:\/\/www.sudoestehoje.com.br\/novoportal\/wp-json\/wp\/v2\/comments?post=81977"}],"version-history":[{"count":1,"href":"https:\/\/www.sudoestehoje.com.br\/novoportal\/wp-json\/wp\/v2\/posts\/81977\/revisions"}],"predecessor-version":[{"id":81979,"href":"https:\/\/www.sudoestehoje.com.br\/novoportal\/wp-json\/wp\/v2\/posts\/81977\/revisions\/81979"}],"wp:featuredmedia":[{"embeddable":true,"href":"https:\/\/www.sudoestehoje.com.br\/novoportal\/wp-json\/wp\/v2\/media\/81978"}],"wp:attachment":[{"href":"https:\/\/www.sudoestehoje.com.br\/novoportal\/wp-json\/wp\/v2\/media?parent=81977"}],"wp:term":[{"taxonomy":"category","embeddable":true,"href":"https:\/\/www.sudoestehoje.com.br\/novoportal\/wp-json\/wp\/v2\/categories?post=81977"},{"taxonomy":"post_tag","embeddable":true,"href":"https:\/\/www.sudoestehoje.com.br\/novoportal\/wp-json\/wp\/v2\/tags?post=81977"}],"curies":[{"name":"wp","href":"https:\/\/api.w.org\/{rel}","templated":true}]}}