
{"id":81972,"date":"2019-09-03T00:06:44","date_gmt":"2019-09-03T03:06:44","guid":{"rendered":"https:\/\/www.sudoestehoje.com.br\/novoportal\/?p=81972"},"modified":"2019-09-03T00:06:44","modified_gmt":"2019-09-03T03:06:44","slug":"feira-de-saude-da-fundacao-jose-silveira-iniciou-nesta-segunda-no-hcr","status":"publish","type":"post","link":"https:\/\/www.sudoestehoje.com.br\/novoportal\/2019\/09\/03\/feira-de-saude-da-fundacao-jose-silveira-iniciou-nesta-segunda-no-hcr\/","title":{"rendered":"FEIRA DE SA\u00daDE DA FUNDA\u00c7\u00c3O JOS\u00c9 SILVEIRA INICIOU NESTA SEGUNDA NO HCR"},"content":{"rendered":"<p><a href=\"https:\/\/www.sudoestehoje.com.br\/novoportal\/wp-content\/uploads\/2019\/09\/FEIRA-S-1.jpg\"><img loading=\"lazy\" decoding=\"async\" class=\"aligncenter size-medium wp-image-81973\" src=\"https:\/\/www.sudoestehoje.com.br\/novoportal\/wp-content\/uploads\/2019\/09\/FEIRA-S-1-500x375.jpg\" alt=\"\" width=\"500\" height=\"375\" srcset=\"https:\/\/www.sudoestehoje.com.br\/novoportal\/wp-content\/uploads\/2019\/09\/FEIRA-S-1-500x375.jpg 500w, https:\/\/www.sudoestehoje.com.br\/novoportal\/wp-content\/uploads\/2019\/09\/FEIRA-S-1-768x576.jpg 768w, https:\/\/www.sudoestehoje.com.br\/novoportal\/wp-content\/uploads\/2019\/09\/FEIRA-S-1-700x525.jpg 700w, https:\/\/www.sudoestehoje.com.br\/novoportal\/wp-content\/uploads\/2019\/09\/FEIRA-S-1.jpg 960w\" sizes=\"auto, (max-width: 500px) 100vw, 500px\" \/><\/a><\/p>\n<p>A Feira de Sa\u00fade da Funda\u00e7\u00e3o Jos\u00e9 Silveira &#8211; FJS come\u00e7ou nesta segunda-feira (2), no Hospital Cristo Redentor &#8211; HCR, em Itapetinga.De acordo com a Coordena\u00e7\u00e3o da FJS foram realizados 1.283 atendimentos\/procedimentos no primeiro dia do evento.<\/p>\n<p><a href=\"https:\/\/www.sudoestehoje.com.br\/novoportal\/wp-content\/uploads\/2019\/09\/FEIRA-S-2.jpg\"><img loading=\"lazy\" decoding=\"async\" class=\"aligncenter size-medium wp-image-81974\" src=\"https:\/\/www.sudoestehoje.com.br\/novoportal\/wp-content\/uploads\/2019\/09\/FEIRA-S-2-500x375.jpg\" alt=\"\" width=\"500\" height=\"375\" srcset=\"https:\/\/www.sudoestehoje.com.br\/novoportal\/wp-content\/uploads\/2019\/09\/FEIRA-S-2-500x375.jpg 500w, https:\/\/www.sudoestehoje.com.br\/novoportal\/wp-content\/uploads\/2019\/09\/FEIRA-S-2-768x576.jpg 768w, https:\/\/www.sudoestehoje.com.br\/novoportal\/wp-content\/uploads\/2019\/09\/FEIRA-S-2-700x525.jpg 700w, https:\/\/www.sudoestehoje.com.br\/novoportal\/wp-content\/uploads\/2019\/09\/FEIRA-S-2.jpg 960w\" sizes=\"auto, (max-width: 500px) 100vw, 500px\" \/><\/a><\/p>\n<p>O Coordenador Executivo da Federa\u00e7\u00e3o Estadual das Santas Casas da Bahia &#8211; FESFBA, Leonardo Matos acompanhou de perto o in\u00edcio da a\u00e7\u00e3o, que vai at\u00e9 a pr\u00f3xima quarta-feira (4).<\/p>\n<p><a href=\"https:\/\/www.sudoestehoje.com.br\/novoportal\/wp-content\/uploads\/2019\/09\/FEIRA-S-3.jpg\"><img loading=\"lazy\" decoding=\"async\" class=\"aligncenter size-medium wp-image-81975\" src=\"https:\/\/www.sudoestehoje.com.br\/novoportal\/wp-content\/uploads\/2019\/09\/FEIRA-S-3-500x375.jpg\" alt=\"\" width=\"500\" height=\"375\" srcset=\"https:\/\/www.sudoestehoje.com.br\/novoportal\/wp-content\/uploads\/2019\/09\/FEIRA-S-3-500x375.jpg 500w, https:\/\/www.sudoestehoje.com.br\/novoportal\/wp-content\/uploads\/2019\/09\/FEIRA-S-3-768x576.jpg 768w, https:\/\/www.sudoestehoje.com.br\/novoportal\/wp-content\/uploads\/2019\/09\/FEIRA-S-3-700x525.jpg 700w, https:\/\/www.sudoestehoje.com.br\/novoportal\/wp-content\/uploads\/2019\/09\/FEIRA-S-3.jpg 960w\" sizes=\"auto, (max-width: 500px) 100vw, 500px\" \/><\/a><\/p>\n<p>Al\u00e9m de beneficiar a comunidade itapetinguense com atendimentos gratuitos, a FJS gerou empregos diretos para as que pessoas foram contratadas para trabalhar nos tr\u00eas dias do evento.<\/p>\n","protected":false},"excerpt":{"rendered":"<p>A Feira de Sa\u00fade da Funda\u00e7\u00e3o Jos\u00e9 Silveira &#8211; FJS come\u00e7ou nesta segunda-feira (2), no Hospital Cristo Redentor &#8211; HCR, em Itapetinga.De acordo com a Coordena\u00e7\u00e3o da FJS foram realizados 1.283 atendimentos\/procedimentos no primeiro dia do evento. O Coordenador Executivo da Federa\u00e7\u00e3o Estadual das Santas Casas da Bahia &#8211; FESFBA, Leonardo Matos acompanhou de perto [&hellip;]<\/p>\n","protected":false},"author":2,"featured_media":81973,"comment_status":"open","ping_status":"open","sticky":false,"template":"","format":"standard","meta":{"footnotes":"","_links_to":"","_links_to_target":""},"categories":[1],"tags":[],"class_list":["post-81972","post","type-post","status-publish","format-standard","has-post-thumbnail","hentry","category-geral"],"views":683,"_links":{"self":[{"href":"https:\/\/www.sudoestehoje.com.br\/novoportal\/wp-json\/wp\/v2\/posts\/81972","targetHints":{"allow":["GET"]}}],"collection":[{"href":"https:\/\/www.sudoestehoje.com.br\/novoportal\/wp-json\/wp\/v2\/posts"}],"about":[{"href":"https:\/\/www.sudoestehoje.com.br\/novoportal\/wp-json\/wp\/v2\/types\/post"}],"author":[{"embeddable":true,"href":"https:\/\/www.sudoestehoje.com.br\/novoportal\/wp-json\/wp\/v2\/users\/2"}],"replies":[{"embeddable":true,"href":"https:\/\/www.sudoestehoje.com.br\/novoportal\/wp-json\/wp\/v2\/comments?post=81972"}],"version-history":[{"count":1,"href":"https:\/\/www.sudoestehoje.com.br\/novoportal\/wp-json\/wp\/v2\/posts\/81972\/revisions"}],"predecessor-version":[{"id":81976,"href":"https:\/\/www.sudoestehoje.com.br\/novoportal\/wp-json\/wp\/v2\/posts\/81972\/revisions\/81976"}],"wp:featuredmedia":[{"embeddable":true,"href":"https:\/\/www.sudoestehoje.com.br\/novoportal\/wp-json\/wp\/v2\/media\/81973"}],"wp:attachment":[{"href":"https:\/\/www.sudoestehoje.com.br\/novoportal\/wp-json\/wp\/v2\/media?parent=81972"}],"wp:term":[{"taxonomy":"category","embeddable":true,"href":"https:\/\/www.sudoestehoje.com.br\/novoportal\/wp-json\/wp\/v2\/categories?post=81972"},{"taxonomy":"post_tag","embeddable":true,"href":"https:\/\/www.sudoestehoje.com.br\/novoportal\/wp-json\/wp\/v2\/tags?post=81972"}],"curies":[{"name":"wp","href":"https:\/\/api.w.org\/{rel}","templated":true}]}}