
{"id":8197,"date":"2011-09-04T10:38:20","date_gmt":"2011-09-04T13:38:20","guid":{"rendered":"http:\/\/www.sudoestehoje.com.br\/novoportal\/?p=8197"},"modified":"2011-09-04T10:38:20","modified_gmt":"2011-09-04T13:38:20","slug":"arrependeu-tarde","status":"publish","type":"post","link":"https:\/\/www.sudoestehoje.com.br\/novoportal\/2011\/09\/04\/arrependeu-tarde\/","title":{"rendered":"ARREPENDEU TARDE"},"content":{"rendered":"<p style=\"text-align: center;\"><img decoding=\"async\" class=\"aligncenter\" src=\"http:\/\/t1.gstatic.com\/images?q=tbn:ANd9GcTVBLStdIZ5MEjzsjNXhnITBy2LbIZFSsBvVrmOgVpjHYcpeOc_\" alt=\"\" width=\"150\" \/><\/p>\n<p>Esta hist\u00f3ria do vereador Ded\u00e9 Morais dizer que se &#8216;arrependeu&#8217; de ter votado no absurdo aumento de 21% concedido ao SAAE, \u00e9 pat\u00e9tica. Mais pat\u00e9tico, ainda, \u00e9 o vereador querer se penitenciar, pedindo &#8216;desculpas&#8217; \u00e0 popula\u00e7\u00e3o, como se o seu arrependimento fosse pagar as contas de \u00e1gua e esgoto, turbinadas pela falta de sensibilidade e compromisso para com a popula\u00e7\u00e3o, demonstrada por ele e os outros que votaram a favor do aumento. Acho que a import\u00e2ncia do vereador Ded\u00e9 foi traduzida pelo epis\u00f3dio da sua &#8216;elimina\u00e7\u00e3o&#8217; pelos dirigentes do PT, ou seja, trata-se de um pol\u00edtico insignificante, dispens\u00e1vel, sem qualquer import\u00e2ncia para a sociedade. \u00c9 forte candidato a ser &#8216;deletado&#8217; pelas urnas.<\/p>\n","protected":false},"excerpt":{"rendered":"<p>Esta hist\u00f3ria do vereador Ded\u00e9 Morais dizer que se &#8216;arrependeu&#8217; de ter votado no absurdo aumento de 21% concedido ao SAAE, \u00e9 pat\u00e9tica. Mais pat\u00e9tico, ainda, \u00e9 o vereador querer se penitenciar, pedindo &#8216;desculpas&#8217; \u00e0 popula\u00e7\u00e3o, como se o seu arrependimento fosse pagar as contas de \u00e1gua e esgoto, turbinadas pela falta de sensibilidade e [&hellip;]<\/p>\n","protected":false},"author":2,"featured_media":0,"comment_status":"open","ping_status":"open","sticky":false,"template":"","format":"standard","meta":{"footnotes":"","_links_to":"","_links_to_target":""},"categories":[11],"tags":[],"class_list":["post-8197","post","type-post","status-publish","format-standard","hentry","category-quentinhas"],"views":1275,"_links":{"self":[{"href":"https:\/\/www.sudoestehoje.com.br\/novoportal\/wp-json\/wp\/v2\/posts\/8197","targetHints":{"allow":["GET"]}}],"collection":[{"href":"https:\/\/www.sudoestehoje.com.br\/novoportal\/wp-json\/wp\/v2\/posts"}],"about":[{"href":"https:\/\/www.sudoestehoje.com.br\/novoportal\/wp-json\/wp\/v2\/types\/post"}],"author":[{"embeddable":true,"href":"https:\/\/www.sudoestehoje.com.br\/novoportal\/wp-json\/wp\/v2\/users\/2"}],"replies":[{"embeddable":true,"href":"https:\/\/www.sudoestehoje.com.br\/novoportal\/wp-json\/wp\/v2\/comments?post=8197"}],"version-history":[{"count":2,"href":"https:\/\/www.sudoestehoje.com.br\/novoportal\/wp-json\/wp\/v2\/posts\/8197\/revisions"}],"predecessor-version":[{"id":8199,"href":"https:\/\/www.sudoestehoje.com.br\/novoportal\/wp-json\/wp\/v2\/posts\/8197\/revisions\/8199"}],"wp:attachment":[{"href":"https:\/\/www.sudoestehoje.com.br\/novoportal\/wp-json\/wp\/v2\/media?parent=8197"}],"wp:term":[{"taxonomy":"category","embeddable":true,"href":"https:\/\/www.sudoestehoje.com.br\/novoportal\/wp-json\/wp\/v2\/categories?post=8197"},{"taxonomy":"post_tag","embeddable":true,"href":"https:\/\/www.sudoestehoje.com.br\/novoportal\/wp-json\/wp\/v2\/tags?post=8197"}],"curies":[{"name":"wp","href":"https:\/\/api.w.org\/{rel}","templated":true}]}}