
{"id":81968,"date":"2019-09-02T22:44:03","date_gmt":"2019-09-03T01:44:03","guid":{"rendered":"https:\/\/www.sudoestehoje.com.br\/novoportal\/?p=81968"},"modified":"2019-09-02T22:44:03","modified_gmt":"2019-09-03T01:44:03","slug":"novas-regras-para-tirar-cnh-entram-em-vigor-neste-mes-de-setembro","status":"publish","type":"post","link":"https:\/\/www.sudoestehoje.com.br\/novoportal\/2019\/09\/02\/novas-regras-para-tirar-cnh-entram-em-vigor-neste-mes-de-setembro\/","title":{"rendered":"NOVAS REGRAS PARA TIRAR CNH ENTRAM EM VIGOR NESTE M\u00caS DE SETEMBRO"},"content":{"rendered":"<p><a href=\"https:\/\/www.sudoestehoje.com.br\/novoportal\/wp-content\/uploads\/2019\/09\/SIMULADOR.jpg\"><img loading=\"lazy\" decoding=\"async\" class=\"aligncenter size-medium wp-image-81970\" src=\"https:\/\/www.sudoestehoje.com.br\/novoportal\/wp-content\/uploads\/2019\/09\/SIMULADOR-500x311.jpg\" alt=\"\" width=\"500\" height=\"311\" srcset=\"https:\/\/www.sudoestehoje.com.br\/novoportal\/wp-content\/uploads\/2019\/09\/SIMULADOR-500x311.jpg 500w, https:\/\/www.sudoestehoje.com.br\/novoportal\/wp-content\/uploads\/2019\/09\/SIMULADOR-768x478.jpg 768w, https:\/\/www.sudoestehoje.com.br\/novoportal\/wp-content\/uploads\/2019\/09\/SIMULADOR-700x436.jpg 700w, https:\/\/www.sudoestehoje.com.br\/novoportal\/wp-content\/uploads\/2019\/09\/SIMULADOR.jpg 940w\" sizes=\"auto, (max-width: 500px) 100vw, 500px\" \/><\/a><\/p>\n<p>As novas regras para que os futuros condutores tirem a Carteira Nacional de Habilita\u00e7\u00e3o (CNH) come\u00e7am a valer em setembro.<\/p>\n<p>As altera\u00e7\u00f5es afetam o uso do simulador de dire\u00e7\u00e3o veicular no processo de forma\u00e7\u00e3o de condutores, que passar\u00e1 a ser facultativo, e reduz de 25 para 20 o n\u00famero de horas-aula pr\u00e1ticas nas auto-escolas para a categoria B.<\/p>\n<p>A resolu\u00e7\u00e3o n\u00ba 778 do Conselho Nacional de Tr\u00e2nsito (Contran) foi publicada no Di\u00e1rio Oficial da Uni\u00e3o no dia 17 de junho e passa a valer a partir do dia 14 de setembro.<\/p>\n","protected":false},"excerpt":{"rendered":"<p>As novas regras para que os futuros condutores tirem a Carteira Nacional de Habilita\u00e7\u00e3o (CNH) come\u00e7am a valer em setembro. As altera\u00e7\u00f5es afetam o uso do simulador de dire\u00e7\u00e3o veicular no processo de forma\u00e7\u00e3o de condutores, que passar\u00e1 a ser facultativo, e reduz de 25 para 20 o n\u00famero de horas-aula pr\u00e1ticas nas auto-escolas para [&hellip;]<\/p>\n","protected":false},"author":2,"featured_media":81970,"comment_status":"open","ping_status":"open","sticky":false,"template":"","format":"standard","meta":{"footnotes":"","_links_to":"","_links_to_target":""},"categories":[1],"tags":[],"class_list":["post-81968","post","type-post","status-publish","format-standard","has-post-thumbnail","hentry","category-geral"],"views":770,"_links":{"self":[{"href":"https:\/\/www.sudoestehoje.com.br\/novoportal\/wp-json\/wp\/v2\/posts\/81968","targetHints":{"allow":["GET"]}}],"collection":[{"href":"https:\/\/www.sudoestehoje.com.br\/novoportal\/wp-json\/wp\/v2\/posts"}],"about":[{"href":"https:\/\/www.sudoestehoje.com.br\/novoportal\/wp-json\/wp\/v2\/types\/post"}],"author":[{"embeddable":true,"href":"https:\/\/www.sudoestehoje.com.br\/novoportal\/wp-json\/wp\/v2\/users\/2"}],"replies":[{"embeddable":true,"href":"https:\/\/www.sudoestehoje.com.br\/novoportal\/wp-json\/wp\/v2\/comments?post=81968"}],"version-history":[{"count":2,"href":"https:\/\/www.sudoestehoje.com.br\/novoportal\/wp-json\/wp\/v2\/posts\/81968\/revisions"}],"predecessor-version":[{"id":81971,"href":"https:\/\/www.sudoestehoje.com.br\/novoportal\/wp-json\/wp\/v2\/posts\/81968\/revisions\/81971"}],"wp:featuredmedia":[{"embeddable":true,"href":"https:\/\/www.sudoestehoje.com.br\/novoportal\/wp-json\/wp\/v2\/media\/81970"}],"wp:attachment":[{"href":"https:\/\/www.sudoestehoje.com.br\/novoportal\/wp-json\/wp\/v2\/media?parent=81968"}],"wp:term":[{"taxonomy":"category","embeddable":true,"href":"https:\/\/www.sudoestehoje.com.br\/novoportal\/wp-json\/wp\/v2\/categories?post=81968"},{"taxonomy":"post_tag","embeddable":true,"href":"https:\/\/www.sudoestehoje.com.br\/novoportal\/wp-json\/wp\/v2\/tags?post=81968"}],"curies":[{"name":"wp","href":"https:\/\/api.w.org\/{rel}","templated":true}]}}