
{"id":81945,"date":"2019-09-02T18:15:27","date_gmt":"2019-09-02T21:15:27","guid":{"rendered":"https:\/\/www.sudoestehoje.com.br\/novoportal\/?p=81945"},"modified":"2019-09-02T18:30:34","modified_gmt":"2019-09-02T21:30:34","slug":"itapetinga-semana-da-patria-e-comemorada-na-camara-com-hasteamento-de-bandeiras","status":"publish","type":"post","link":"https:\/\/www.sudoestehoje.com.br\/novoportal\/2019\/09\/02\/itapetinga-semana-da-patria-e-comemorada-na-camara-com-hasteamento-de-bandeiras\/","title":{"rendered":"ITAPETINGA: SEMANA DA P\u00c1TRIA \u00c9 COMEMORADA NA C\u00c2MARA COM HASTEAMENTO DE BANDEIRAS"},"content":{"rendered":"<p><a href=\"https:\/\/www.sudoestehoje.com.br\/novoportal\/wp-content\/uploads\/2019\/09\/7-13.jpg\"><img loading=\"lazy\" decoding=\"async\" class=\"aligncenter size-medium wp-image-81951\" src=\"https:\/\/www.sudoestehoje.com.br\/novoportal\/wp-content\/uploads\/2019\/09\/7-13-500x334.jpg\" alt=\"\" width=\"500\" height=\"334\" srcset=\"https:\/\/www.sudoestehoje.com.br\/novoportal\/wp-content\/uploads\/2019\/09\/7-13-500x334.jpg 500w, https:\/\/www.sudoestehoje.com.br\/novoportal\/wp-content\/uploads\/2019\/09\/7-13.jpg 640w\" sizes=\"auto, (max-width: 500px) 100vw, 500px\" \/><\/a><\/p>\n<p>Na manh\u00e3 desta segunda-feira (2), a C\u00e2mara Municipal de Itapetinga realizou a cerim\u00f4nia de hasteamento das Bandeiras Nacional, Estadual e Municipal, abrindo oficialmente a programa\u00e7\u00e3o da Semana da P\u00e1tria no Legislativo.<\/p>\n<p><a href=\"https:\/\/www.sudoestehoje.com.br\/novoportal\/wp-content\/uploads\/2019\/09\/7-11.jpg\"><img loading=\"lazy\" decoding=\"async\" class=\"aligncenter size-medium wp-image-81962\" src=\"https:\/\/www.sudoestehoje.com.br\/novoportal\/wp-content\/uploads\/2019\/09\/7-11-500x300.jpg\" alt=\"\" width=\"500\" height=\"300\" srcset=\"https:\/\/www.sudoestehoje.com.br\/novoportal\/wp-content\/uploads\/2019\/09\/7-11-500x300.jpg 500w, https:\/\/www.sudoestehoje.com.br\/novoportal\/wp-content\/uploads\/2019\/09\/7-11-768x461.jpg 768w, https:\/\/www.sudoestehoje.com.br\/novoportal\/wp-content\/uploads\/2019\/09\/7-11-700x420.jpg 700w, https:\/\/www.sudoestehoje.com.br\/novoportal\/wp-content\/uploads\/2019\/09\/7-11.jpg 960w\" sizes=\"auto, (max-width: 500px) 100vw, 500px\" \/><\/a><\/p>\n<p>Al\u00e9m de vereadores e servidores da Casa, participaram do ato c\u00edvico representantes do Poder Executivo e da Guarda Municipal. \u00a0Sob a execu\u00e7\u00e3o do Hino Nacional, a Bandeira do Brasil foi hasteada pelo vice-presidente Sargento Alberto (PP); a Bandeira do Estado da Bahia pelo secret\u00e1rio municipal de Finan\u00e7as, Orlando Ribeiro; e a Bandeira do Munic\u00edpio de Itapetinga pelo comandante da Guarda Municipal, Weltmo Vieira. A solenidade tamb\u00e9m contou com a presen\u00e7a do secret\u00e1rio municipal de Administra\u00e7\u00e3o, Carlito Ferraz, e do GM Apar\u00edcio Souza, corregedor geral da Guarda Municipal e presidente da Uni\u00e3o Baiana dos Guardas Civis Municipais (UBGCM).<\/p>\n<p><a href=\"https:\/\/www.sudoestehoje.com.br\/novoportal\/wp-content\/uploads\/2019\/09\/7-6.jpg\"><img loading=\"lazy\" decoding=\"async\" class=\"aligncenter size-medium wp-image-81957\" src=\"https:\/\/www.sudoestehoje.com.br\/novoportal\/wp-content\/uploads\/2019\/09\/7-6-500x300.jpg\" alt=\"\" width=\"500\" height=\"300\" srcset=\"https:\/\/www.sudoestehoje.com.br\/novoportal\/wp-content\/uploads\/2019\/09\/7-6-500x300.jpg 500w, https:\/\/www.sudoestehoje.com.br\/novoportal\/wp-content\/uploads\/2019\/09\/7-6-768x461.jpg 768w, https:\/\/www.sudoestehoje.com.br\/novoportal\/wp-content\/uploads\/2019\/09\/7-6-700x420.jpg 700w, https:\/\/www.sudoestehoje.com.br\/novoportal\/wp-content\/uploads\/2019\/09\/7-6.jpg 960w\" sizes=\"auto, (max-width: 500px) 100vw, 500px\" \/><\/a><\/p>\n<p>A programa\u00e7\u00e3o ter\u00e1 continuidade, na pr\u00f3xima quarta-feira (4), com a participa\u00e7\u00e3o do Tiro de Guerra na Tribuna Popular da sess\u00e3o ordin\u00e1ria, a partir das 19 horas, no Plen\u00e1rio Ulysses Guimar\u00e3es. Na quinta-feira (5), ser\u00e1 a vez da Guarda Municipal usar a Tribuna.<\/p>\n<p><a href=\"https:\/\/www.sudoestehoje.com.br\/novoportal\/wp-content\/uploads\/2019\/09\/7-10.jpg\"><img loading=\"lazy\" decoding=\"async\" class=\"aligncenter size-medium wp-image-81961\" src=\"https:\/\/www.sudoestehoje.com.br\/novoportal\/wp-content\/uploads\/2019\/09\/7-10-500x300.jpg\" alt=\"\" width=\"500\" height=\"300\" srcset=\"https:\/\/www.sudoestehoje.com.br\/novoportal\/wp-content\/uploads\/2019\/09\/7-10-500x300.jpg 500w, https:\/\/www.sudoestehoje.com.br\/novoportal\/wp-content\/uploads\/2019\/09\/7-10-768x461.jpg 768w, https:\/\/www.sudoestehoje.com.br\/novoportal\/wp-content\/uploads\/2019\/09\/7-10-700x420.jpg 700w, https:\/\/www.sudoestehoje.com.br\/novoportal\/wp-content\/uploads\/2019\/09\/7-10.jpg 960w\" sizes=\"auto, (max-width: 500px) 100vw, 500px\" \/><\/a><\/p>\n<p>De iniciativa da Mesa Diretora, a Semana da P\u00e1tria no Legislativo busca incentivar o patriotismo e ressaltar o valor hist\u00f3rico e social da data que lembra um dos fatos mais importantes na hist\u00f3ria do pa\u00eds, a Independ\u00eancia do Brasil. <strong><em>\/\/Ascom C\u00e2mara<\/em><\/strong><\/p>\n<p><a href=\"https:\/\/www.sudoestehoje.com.br\/novoportal\/wp-content\/uploads\/2019\/09\/setembro-amarelo.jpg\"><img loading=\"lazy\" decoding=\"async\" class=\"aligncenter size-medium wp-image-81966\" src=\"https:\/\/www.sudoestehoje.com.br\/novoportal\/wp-content\/uploads\/2019\/09\/setembro-amarelo-500x500.jpg\" alt=\"\" width=\"500\" height=\"500\" srcset=\"https:\/\/www.sudoestehoje.com.br\/novoportal\/wp-content\/uploads\/2019\/09\/setembro-amarelo-500x500.jpg 500w, https:\/\/www.sudoestehoje.com.br\/novoportal\/wp-content\/uploads\/2019\/09\/setembro-amarelo-150x150.jpg 150w, https:\/\/www.sudoestehoje.com.br\/novoportal\/wp-content\/uploads\/2019\/09\/setembro-amarelo-768x768.jpg 768w, https:\/\/www.sudoestehoje.com.br\/novoportal\/wp-content\/uploads\/2019\/09\/setembro-amarelo-700x700.jpg 700w, https:\/\/www.sudoestehoje.com.br\/novoportal\/wp-content\/uploads\/2019\/09\/setembro-amarelo.jpg 1280w\" sizes=\"auto, (max-width: 500px) 100vw, 500px\" \/><\/a><\/p>\n","protected":false},"excerpt":{"rendered":"<p>Na manh\u00e3 desta segunda-feira (2), a C\u00e2mara Municipal de Itapetinga realizou a cerim\u00f4nia de hasteamento das Bandeiras Nacional, Estadual e Municipal, abrindo oficialmente a programa\u00e7\u00e3o da Semana da P\u00e1tria no Legislativo. Al\u00e9m de vereadores e servidores da Casa, participaram do ato c\u00edvico representantes do Poder Executivo e da Guarda Municipal. \u00a0Sob a execu\u00e7\u00e3o do Hino [&hellip;]<\/p>\n","protected":false},"author":2,"featured_media":81951,"comment_status":"open","ping_status":"open","sticky":false,"template":"","format":"standard","meta":{"footnotes":"","_links_to":"","_links_to_target":""},"categories":[1],"tags":[],"class_list":["post-81945","post","type-post","status-publish","format-standard","has-post-thumbnail","hentry","category-geral"],"views":772,"_links":{"self":[{"href":"https:\/\/www.sudoestehoje.com.br\/novoportal\/wp-json\/wp\/v2\/posts\/81945","targetHints":{"allow":["GET"]}}],"collection":[{"href":"https:\/\/www.sudoestehoje.com.br\/novoportal\/wp-json\/wp\/v2\/posts"}],"about":[{"href":"https:\/\/www.sudoestehoje.com.br\/novoportal\/wp-json\/wp\/v2\/types\/post"}],"author":[{"embeddable":true,"href":"https:\/\/www.sudoestehoje.com.br\/novoportal\/wp-json\/wp\/v2\/users\/2"}],"replies":[{"embeddable":true,"href":"https:\/\/www.sudoestehoje.com.br\/novoportal\/wp-json\/wp\/v2\/comments?post=81945"}],"version-history":[{"count":8,"href":"https:\/\/www.sudoestehoje.com.br\/novoportal\/wp-json\/wp\/v2\/posts\/81945\/revisions"}],"predecessor-version":[{"id":81967,"href":"https:\/\/www.sudoestehoje.com.br\/novoportal\/wp-json\/wp\/v2\/posts\/81945\/revisions\/81967"}],"wp:featuredmedia":[{"embeddable":true,"href":"https:\/\/www.sudoestehoje.com.br\/novoportal\/wp-json\/wp\/v2\/media\/81951"}],"wp:attachment":[{"href":"https:\/\/www.sudoestehoje.com.br\/novoportal\/wp-json\/wp\/v2\/media?parent=81945"}],"wp:term":[{"taxonomy":"category","embeddable":true,"href":"https:\/\/www.sudoestehoje.com.br\/novoportal\/wp-json\/wp\/v2\/categories?post=81945"},{"taxonomy":"post_tag","embeddable":true,"href":"https:\/\/www.sudoestehoje.com.br\/novoportal\/wp-json\/wp\/v2\/tags?post=81945"}],"curies":[{"name":"wp","href":"https:\/\/api.w.org\/{rel}","templated":true}]}}