
{"id":81931,"date":"2019-09-01T22:53:13","date_gmt":"2019-09-02T01:53:13","guid":{"rendered":"https:\/\/www.sudoestehoje.com.br\/novoportal\/?p=81931"},"modified":"2019-09-01T22:53:13","modified_gmt":"2019-09-02T01:53:13","slug":"bolsonaro-vai-passar-por-nova-cirurgia-por-causa-da-facada-procedimento-e-simples","status":"publish","type":"post","link":"https:\/\/www.sudoestehoje.com.br\/novoportal\/2019\/09\/01\/bolsonaro-vai-passar-por-nova-cirurgia-por-causa-da-facada-procedimento-e-simples\/","title":{"rendered":"BOLSONARO VAI PASSAR POR NOVA CIRURGIA POR CAUSA DA FACADA; PROCEDIMENTO \u00c9 SIMPLES"},"content":{"rendered":"<p><a href=\"https:\/\/www.sudoestehoje.com.br\/novoportal\/wp-content\/uploads\/2019\/09\/bolsonaro-2.jpg\"><img loading=\"lazy\" decoding=\"async\" class=\"aligncenter size-medium wp-image-81932\" src=\"https:\/\/www.sudoestehoje.com.br\/novoportal\/wp-content\/uploads\/2019\/09\/bolsonaro-2-500x350.jpg\" alt=\"\" width=\"500\" height=\"350\" srcset=\"https:\/\/www.sudoestehoje.com.br\/novoportal\/wp-content\/uploads\/2019\/09\/bolsonaro-2-500x350.jpg 500w, https:\/\/www.sudoestehoje.com.br\/novoportal\/wp-content\/uploads\/2019\/09\/bolsonaro-2.jpg 600w\" sizes=\"auto, (max-width: 500px) 100vw, 500px\" \/><\/a><\/p>\n<p>O presidente Jair Bolsonaro (PSL) vai ser submetido a uma nova cirurgia em consequ\u00eancia da facada que sofreu durante a campanha eleitoral, em setembro do ano passado, segundo o jornal Folha de S. Paulo.<\/p>\n<p>A necessidade da cirurgia foi confirmada em avalia\u00e7\u00e3o m\u00e9dica neste domingo (1\u00b0).<\/p>\n<p>Segundo a publica\u00e7\u00e3o, a data da opera\u00e7\u00e3o n\u00e3o foi divulgada, mas Bolsonaro indicou em uma rede social que deve ficar cerca de dez dias afastado do Planalto para se submeter ao procedimento e se recuperar.<\/p>\n<p>J\u00e1 o m\u00e9dico Antonio Luiz Macedo, membro da equipe que tratou o presidente no hospital Albert Einstein ap\u00f3s o atentado, fez a avalia\u00e7\u00e3o no paciente no aeroporto de Congonhas, logo ap\u00f3s Bolsonaro desembarcar na capital paulista, por volta das 8h.<\/p>\n<p>Na sexta-feira (30) Macedo afirmou \u00e0 Folha que existia o risco de Bolsonaro ter h\u00e9rnia na regi\u00e3o atingida pela facada e depois submetida a tr\u00eas cirurgias.<\/p>\n","protected":false},"excerpt":{"rendered":"<p>O presidente Jair Bolsonaro (PSL) vai ser submetido a uma nova cirurgia em consequ\u00eancia da facada que sofreu durante a campanha eleitoral, em setembro do ano passado, segundo o jornal Folha de S. Paulo. A necessidade da cirurgia foi confirmada em avalia\u00e7\u00e3o m\u00e9dica neste domingo (1\u00b0). Segundo a publica\u00e7\u00e3o, a data da opera\u00e7\u00e3o n\u00e3o foi [&hellip;]<\/p>\n","protected":false},"author":2,"featured_media":81932,"comment_status":"open","ping_status":"open","sticky":false,"template":"","format":"standard","meta":{"footnotes":"","_links_to":"","_links_to_target":""},"categories":[1],"tags":[],"class_list":["post-81931","post","type-post","status-publish","format-standard","has-post-thumbnail","hentry","category-geral"],"views":765,"_links":{"self":[{"href":"https:\/\/www.sudoestehoje.com.br\/novoportal\/wp-json\/wp\/v2\/posts\/81931","targetHints":{"allow":["GET"]}}],"collection":[{"href":"https:\/\/www.sudoestehoje.com.br\/novoportal\/wp-json\/wp\/v2\/posts"}],"about":[{"href":"https:\/\/www.sudoestehoje.com.br\/novoportal\/wp-json\/wp\/v2\/types\/post"}],"author":[{"embeddable":true,"href":"https:\/\/www.sudoestehoje.com.br\/novoportal\/wp-json\/wp\/v2\/users\/2"}],"replies":[{"embeddable":true,"href":"https:\/\/www.sudoestehoje.com.br\/novoportal\/wp-json\/wp\/v2\/comments?post=81931"}],"version-history":[{"count":2,"href":"https:\/\/www.sudoestehoje.com.br\/novoportal\/wp-json\/wp\/v2\/posts\/81931\/revisions"}],"predecessor-version":[{"id":81934,"href":"https:\/\/www.sudoestehoje.com.br\/novoportal\/wp-json\/wp\/v2\/posts\/81931\/revisions\/81934"}],"wp:featuredmedia":[{"embeddable":true,"href":"https:\/\/www.sudoestehoje.com.br\/novoportal\/wp-json\/wp\/v2\/media\/81932"}],"wp:attachment":[{"href":"https:\/\/www.sudoestehoje.com.br\/novoportal\/wp-json\/wp\/v2\/media?parent=81931"}],"wp:term":[{"taxonomy":"category","embeddable":true,"href":"https:\/\/www.sudoestehoje.com.br\/novoportal\/wp-json\/wp\/v2\/categories?post=81931"},{"taxonomy":"post_tag","embeddable":true,"href":"https:\/\/www.sudoestehoje.com.br\/novoportal\/wp-json\/wp\/v2\/tags?post=81931"}],"curies":[{"name":"wp","href":"https:\/\/api.w.org\/{rel}","templated":true}]}}