
{"id":81927,"date":"2019-09-01T00:02:46","date_gmt":"2019-09-01T03:02:46","guid":{"rendered":"https:\/\/www.sudoestehoje.com.br\/novoportal\/?p=81927"},"modified":"2019-09-01T00:02:46","modified_gmt":"2019-09-01T03:02:46","slug":"porto-seguro-morre-um-dos-ocupantes-de-veiculo-partido-ao-meio-em-colisao","status":"publish","type":"post","link":"https:\/\/www.sudoestehoje.com.br\/novoportal\/2019\/09\/01\/porto-seguro-morre-um-dos-ocupantes-de-veiculo-partido-ao-meio-em-colisao\/","title":{"rendered":"PORTO SEGURO: MORRE UM DOS OCUPANTES DE VE\u00cdCULO PARTIDO AO MEIO EM COLIS\u00c3O"},"content":{"rendered":"<p><a href=\"https:\/\/www.sudoestehoje.com.br\/novoportal\/wp-content\/uploads\/2019\/09\/Apresenta\u00e7\u00e3o1.jpg\"><img loading=\"lazy\" decoding=\"async\" class=\"aligncenter size-medium wp-image-81929\" src=\"https:\/\/www.sudoestehoje.com.br\/novoportal\/wp-content\/uploads\/2019\/09\/Apresenta\u00e7\u00e3o1-500x375.jpg\" alt=\"\" width=\"500\" height=\"375\" srcset=\"https:\/\/www.sudoestehoje.com.br\/novoportal\/wp-content\/uploads\/2019\/09\/Apresenta\u00e7\u00e3o1-500x375.jpg 500w, https:\/\/www.sudoestehoje.com.br\/novoportal\/wp-content\/uploads\/2019\/09\/Apresenta\u00e7\u00e3o1-768x576.jpg 768w, https:\/\/www.sudoestehoje.com.br\/novoportal\/wp-content\/uploads\/2019\/09\/Apresenta\u00e7\u00e3o1-700x525.jpg 700w, https:\/\/www.sudoestehoje.com.br\/novoportal\/wp-content\/uploads\/2019\/09\/Apresenta\u00e7\u00e3o1.jpg 960w\" sizes=\"auto, (max-width: 500px) 100vw, 500px\" \/><\/a><\/p>\n<p style=\"font-weight: 400;\">Morreu o homem que estava no carro que se partiu ao meio, durante um acidente na BR-367, no distrito de Vera Cruz, em Porto Seguro, por volta das 9h da manh\u00e3 deste s\u00e1bado (31).<\/p>\n<p style=\"font-weight: 400;\">Cl\u00e1udio Lima dos Santos, 30 anos, foi lan\u00e7ado para fora do ve\u00edculo e teve uma das pernas esfaceladas e traumas na regi\u00e3o tor\u00e1cica. Ele foi levado para o Hospital Lu\u00eds Eduardo Magalh\u00e3es, em estado cr\u00edtico, mas acabou n\u00e3o resistindo, indo a \u00f3bito por volta das 11h30.<\/p>\n<p style=\"font-weight: 400;\">A professora \u00c9rica Cristian Santana Carneiro, que tamb\u00e9m estava no carro, foi atendida no mesmo hospital e n\u00e3o corre risco de morrer. Ela ficou presa nas ferragens e foi resgatada pelos bombeiros.<\/p>\n<p style=\"font-weight: 400;\">Segundo a pol\u00edcia, o ve\u00edculo modelo Renault Sandero bateu de frente com um \u00f4nibus de turismo. Um caminh\u00e3o, que trafegava pelo mesmo trecho, tamb\u00e9m acabou atingindo o carro. A pol\u00edcia ainda n\u00e3o informou quem estava conduzindo o Sandero. As causas do acidente est\u00e3o sendo investigadas.<\/p>\n<p style=\"font-weight: 400;\">O impacto foi t\u00e3o forte que uma das partes do carro &#8211; onde estava a mulher &#8211; foi parar fora da pista. Destro\u00e7os se espalharam por todo o asfalto.<\/p>\n<p style=\"font-weight: 400;\">Al\u00e9m de professora, \u00c9rica tamb\u00e9m \u00e9 comerciante. Ela \u00e9 dona de uma loja em Coroa Vermelha, munic\u00edpio de Santa Cruz Cabr\u00e1lia. <em>\/\/Radar 64<\/em><\/p>\n","protected":false},"excerpt":{"rendered":"<p>Morreu o homem que estava no carro que se partiu ao meio, durante um acidente na BR-367, no distrito de Vera Cruz, em Porto Seguro, por volta das 9h da manh\u00e3 deste s\u00e1bado (31). Cl\u00e1udio Lima dos Santos, 30 anos, foi lan\u00e7ado para fora do ve\u00edculo e teve uma das pernas esfaceladas e traumas na [&hellip;]<\/p>\n","protected":false},"author":2,"featured_media":81929,"comment_status":"open","ping_status":"open","sticky":false,"template":"","format":"standard","meta":{"footnotes":"","_links_to":"","_links_to_target":""},"categories":[1],"tags":[],"class_list":["post-81927","post","type-post","status-publish","format-standard","has-post-thumbnail","hentry","category-geral"],"views":1588,"_links":{"self":[{"href":"https:\/\/www.sudoestehoje.com.br\/novoportal\/wp-json\/wp\/v2\/posts\/81927","targetHints":{"allow":["GET"]}}],"collection":[{"href":"https:\/\/www.sudoestehoje.com.br\/novoportal\/wp-json\/wp\/v2\/posts"}],"about":[{"href":"https:\/\/www.sudoestehoje.com.br\/novoportal\/wp-json\/wp\/v2\/types\/post"}],"author":[{"embeddable":true,"href":"https:\/\/www.sudoestehoje.com.br\/novoportal\/wp-json\/wp\/v2\/users\/2"}],"replies":[{"embeddable":true,"href":"https:\/\/www.sudoestehoje.com.br\/novoportal\/wp-json\/wp\/v2\/comments?post=81927"}],"version-history":[{"count":2,"href":"https:\/\/www.sudoestehoje.com.br\/novoportal\/wp-json\/wp\/v2\/posts\/81927\/revisions"}],"predecessor-version":[{"id":81930,"href":"https:\/\/www.sudoestehoje.com.br\/novoportal\/wp-json\/wp\/v2\/posts\/81927\/revisions\/81930"}],"wp:featuredmedia":[{"embeddable":true,"href":"https:\/\/www.sudoestehoje.com.br\/novoportal\/wp-json\/wp\/v2\/media\/81929"}],"wp:attachment":[{"href":"https:\/\/www.sudoestehoje.com.br\/novoportal\/wp-json\/wp\/v2\/media?parent=81927"}],"wp:term":[{"taxonomy":"category","embeddable":true,"href":"https:\/\/www.sudoestehoje.com.br\/novoportal\/wp-json\/wp\/v2\/categories?post=81927"},{"taxonomy":"post_tag","embeddable":true,"href":"https:\/\/www.sudoestehoje.com.br\/novoportal\/wp-json\/wp\/v2\/tags?post=81927"}],"curies":[{"name":"wp","href":"https:\/\/api.w.org\/{rel}","templated":true}]}}