
{"id":81922,"date":"2019-08-31T23:23:57","date_gmt":"2019-09-01T02:23:57","guid":{"rendered":"https:\/\/www.sudoestehoje.com.br\/novoportal\/?p=81922"},"modified":"2019-08-31T23:23:57","modified_gmt":"2019-09-01T02:23:57","slug":"comeca-rodizio-no-jornal-nacional-jessica-senra-apresenta-no-sabado-que-vem","status":"publish","type":"post","link":"https:\/\/www.sudoestehoje.com.br\/novoportal\/2019\/08\/31\/comeca-rodizio-no-jornal-nacional-jessica-senra-apresenta-no-sabado-que-vem\/","title":{"rendered":"COME\u00c7A ROD\u00cdZIO NO JORNAL NACIONAL; J\u00c9SSICA SENRA APRESENTA NO S\u00c1BADO QUE VEM"},"content":{"rendered":"<p><a href=\"https:\/\/www.sudoestehoje.com.br\/novoportal\/wp-content\/uploads\/2019\/08\/jessica_senra_2eb76493dc.jpg\"><img loading=\"lazy\" decoding=\"async\" class=\"aligncenter size-medium wp-image-81925\" src=\"https:\/\/www.sudoestehoje.com.br\/novoportal\/wp-content\/uploads\/2019\/08\/jessica_senra_2eb76493dc-500x311.jpg\" alt=\"\" width=\"500\" height=\"311\" srcset=\"https:\/\/www.sudoestehoje.com.br\/novoportal\/wp-content\/uploads\/2019\/08\/jessica_senra_2eb76493dc-500x311.jpg 500w, https:\/\/www.sudoestehoje.com.br\/novoportal\/wp-content\/uploads\/2019\/08\/jessica_senra_2eb76493dc-768x478.jpg 768w, https:\/\/www.sudoestehoje.com.br\/novoportal\/wp-content\/uploads\/2019\/08\/jessica_senra_2eb76493dc-700x436.jpg 700w, https:\/\/www.sudoestehoje.com.br\/novoportal\/wp-content\/uploads\/2019\/08\/jessica_senra_2eb76493dc.jpg 940w\" sizes=\"auto, (max-width: 500px) 100vw, 500px\" \/><\/a><\/p>\n<p class=\"bodytext\">O rod\u00edzio de apresentadores regionais no Jornal Nacional para celebrar os 50 anos do notici\u00e1rio come\u00e7ou neste s\u00e1bado (31), com M\u00e1rcio Bonfim, de Pernambuco, e Cristina Ranzolin, do Rio Grande do Sul. Representante da Bahia, J\u00e9ssica Senra vai comandar o JN no pr\u00f3ximo s\u00e1bado (7).<\/p>\n<p class=\"bodytext\">De acordo com a TV Bahia, foram enviados para aprecia\u00e7\u00e3o do &#8220;JN&#8221; os nomes de J\u00e9ssica, Fernando Sodake e Ricardo Ishmael. Os escolhidos foram decididos atrav\u00e9s de sorteio, segundo a Globo.<\/p>\n<p class=\"bodytext\">J\u00e9ssica vai comandar o JN semana que vem ao lado do apresentador\u00a0Ayres Rocha, do Acre.<\/p>\n<p class=\"bodytext\"><em>&#8220;E no meio das f\u00e9rias a gente recebe essa not\u00edcia que d\u00e1 vontade de voltar imediatamente!!! Desejo de todo o meu cora\u00e7\u00e3o honrar a minha terra e cada um dos meus colegas no dia em que sentar para apresentar o jornal mais importante do meu pa\u00eds&#8221;<\/em>, celebrou a apresentadora quando a not\u00edcia foi divulgada. <em>\/\/Correio<\/em><\/p>\n","protected":false},"excerpt":{"rendered":"<p>O rod\u00edzio de apresentadores regionais no Jornal Nacional para celebrar os 50 anos do notici\u00e1rio come\u00e7ou neste s\u00e1bado (31), com M\u00e1rcio Bonfim, de Pernambuco, e Cristina Ranzolin, do Rio Grande do Sul. Representante da Bahia, J\u00e9ssica Senra vai comandar o JN no pr\u00f3ximo s\u00e1bado (7). De acordo com a TV Bahia, foram enviados para aprecia\u00e7\u00e3o [&hellip;]<\/p>\n","protected":false},"author":2,"featured_media":81925,"comment_status":"open","ping_status":"open","sticky":false,"template":"","format":"standard","meta":{"footnotes":"","_links_to":"","_links_to_target":""},"categories":[1],"tags":[],"class_list":["post-81922","post","type-post","status-publish","format-standard","has-post-thumbnail","hentry","category-geral"],"views":777,"_links":{"self":[{"href":"https:\/\/www.sudoestehoje.com.br\/novoportal\/wp-json\/wp\/v2\/posts\/81922","targetHints":{"allow":["GET"]}}],"collection":[{"href":"https:\/\/www.sudoestehoje.com.br\/novoportal\/wp-json\/wp\/v2\/posts"}],"about":[{"href":"https:\/\/www.sudoestehoje.com.br\/novoportal\/wp-json\/wp\/v2\/types\/post"}],"author":[{"embeddable":true,"href":"https:\/\/www.sudoestehoje.com.br\/novoportal\/wp-json\/wp\/v2\/users\/2"}],"replies":[{"embeddable":true,"href":"https:\/\/www.sudoestehoje.com.br\/novoportal\/wp-json\/wp\/v2\/comments?post=81922"}],"version-history":[{"count":3,"href":"https:\/\/www.sudoestehoje.com.br\/novoportal\/wp-json\/wp\/v2\/posts\/81922\/revisions"}],"predecessor-version":[{"id":81926,"href":"https:\/\/www.sudoestehoje.com.br\/novoportal\/wp-json\/wp\/v2\/posts\/81922\/revisions\/81926"}],"wp:featuredmedia":[{"embeddable":true,"href":"https:\/\/www.sudoestehoje.com.br\/novoportal\/wp-json\/wp\/v2\/media\/81925"}],"wp:attachment":[{"href":"https:\/\/www.sudoestehoje.com.br\/novoportal\/wp-json\/wp\/v2\/media?parent=81922"}],"wp:term":[{"taxonomy":"category","embeddable":true,"href":"https:\/\/www.sudoestehoje.com.br\/novoportal\/wp-json\/wp\/v2\/categories?post=81922"},{"taxonomy":"post_tag","embeddable":true,"href":"https:\/\/www.sudoestehoje.com.br\/novoportal\/wp-json\/wp\/v2\/tags?post=81922"}],"curies":[{"name":"wp","href":"https:\/\/api.w.org\/{rel}","templated":true}]}}