
{"id":81918,"date":"2019-08-31T22:20:28","date_gmt":"2019-09-01T01:20:28","guid":{"rendered":"https:\/\/www.sudoestehoje.com.br\/novoportal\/?p=81918"},"modified":"2019-08-31T22:20:28","modified_gmt":"2019-09-01T01:20:28","slug":"homem-perde-as-duas-pernas-em-acidente-entre-caminhao-onibus-e-carro-na-br-367","status":"publish","type":"post","link":"https:\/\/www.sudoestehoje.com.br\/novoportal\/2019\/08\/31\/homem-perde-as-duas-pernas-em-acidente-entre-caminhao-onibus-e-carro-na-br-367\/","title":{"rendered":"HOMEM PERDE AS DUAS PERNAS EM ACIDENTE ENTRE CAMINH\u00c3O, \u00d4NIBUS E CARRO NA BR-367"},"content":{"rendered":"<p><a href=\"https:\/\/www.sudoestehoje.com.br\/novoportal\/wp-content\/uploads\/2019\/08\/DUAS-PERNAS.jpg\"><img loading=\"lazy\" decoding=\"async\" class=\"aligncenter size-medium wp-image-81920\" src=\"https:\/\/www.sudoestehoje.com.br\/novoportal\/wp-content\/uploads\/2019\/08\/DUAS-PERNAS-500x313.jpg\" alt=\"\" width=\"500\" height=\"313\" srcset=\"https:\/\/www.sudoestehoje.com.br\/novoportal\/wp-content\/uploads\/2019\/08\/DUAS-PERNAS-500x313.jpg 500w, https:\/\/www.sudoestehoje.com.br\/novoportal\/wp-content\/uploads\/2019\/08\/DUAS-PERNAS.jpg 600w\" sizes=\"auto, (max-width: 500px) 100vw, 500px\" \/><\/a><\/p>\n<p>Um acidente entre um caminh\u00e3o e um carro de passeio, na BR-367, no distrito de Vera Cruz, em Porto Seguro, no sul da Bahia, deixou um homem e uma mulher feridos na manh\u00e3 deste s\u00e1bado (31).<\/p>\n<p>As v\u00edtimas estavam no ve\u00edculo menor. O homem teve ferimentos graves e perdeu as pernas. Ele foi levado para o Hospital Municipal de Eun\u00e1polis, tamb\u00e9m no sul do estado. A mulher tamb\u00e9m teve ferimentos, mas com menor gravidade.<\/p>\n","protected":false},"excerpt":{"rendered":"<p>Um acidente entre um caminh\u00e3o e um carro de passeio, na BR-367, no distrito de Vera Cruz, em Porto Seguro, no sul da Bahia, deixou um homem e uma mulher feridos na manh\u00e3 deste s\u00e1bado (31). As v\u00edtimas estavam no ve\u00edculo menor. O homem teve ferimentos graves e perdeu as pernas. Ele foi levado para [&hellip;]<\/p>\n","protected":false},"author":2,"featured_media":81920,"comment_status":"open","ping_status":"open","sticky":false,"template":"","format":"standard","meta":{"footnotes":"","_links_to":"","_links_to_target":""},"categories":[1],"tags":[],"class_list":["post-81918","post","type-post","status-publish","format-standard","has-post-thumbnail","hentry","category-geral"],"views":847,"_links":{"self":[{"href":"https:\/\/www.sudoestehoje.com.br\/novoportal\/wp-json\/wp\/v2\/posts\/81918","targetHints":{"allow":["GET"]}}],"collection":[{"href":"https:\/\/www.sudoestehoje.com.br\/novoportal\/wp-json\/wp\/v2\/posts"}],"about":[{"href":"https:\/\/www.sudoestehoje.com.br\/novoportal\/wp-json\/wp\/v2\/types\/post"}],"author":[{"embeddable":true,"href":"https:\/\/www.sudoestehoje.com.br\/novoportal\/wp-json\/wp\/v2\/users\/2"}],"replies":[{"embeddable":true,"href":"https:\/\/www.sudoestehoje.com.br\/novoportal\/wp-json\/wp\/v2\/comments?post=81918"}],"version-history":[{"count":2,"href":"https:\/\/www.sudoestehoje.com.br\/novoportal\/wp-json\/wp\/v2\/posts\/81918\/revisions"}],"predecessor-version":[{"id":81921,"href":"https:\/\/www.sudoestehoje.com.br\/novoportal\/wp-json\/wp\/v2\/posts\/81918\/revisions\/81921"}],"wp:featuredmedia":[{"embeddable":true,"href":"https:\/\/www.sudoestehoje.com.br\/novoportal\/wp-json\/wp\/v2\/media\/81920"}],"wp:attachment":[{"href":"https:\/\/www.sudoestehoje.com.br\/novoportal\/wp-json\/wp\/v2\/media?parent=81918"}],"wp:term":[{"taxonomy":"category","embeddable":true,"href":"https:\/\/www.sudoestehoje.com.br\/novoportal\/wp-json\/wp\/v2\/categories?post=81918"},{"taxonomy":"post_tag","embeddable":true,"href":"https:\/\/www.sudoestehoje.com.br\/novoportal\/wp-json\/wp\/v2\/tags?post=81918"}],"curies":[{"name":"wp","href":"https:\/\/api.w.org\/{rel}","templated":true}]}}