
{"id":81907,"date":"2019-08-30T21:03:20","date_gmt":"2019-08-31T00:03:20","guid":{"rendered":"https:\/\/www.sudoestehoje.com.br\/novoportal\/?p=81907"},"modified":"2019-08-30T21:06:14","modified_gmt":"2019-08-31T00:06:14","slug":"governo-reduz-de-r-1-040-para-r-1-039-previsao-para-o-salario-minimo-em-2020","status":"publish","type":"post","link":"https:\/\/www.sudoestehoje.com.br\/novoportal\/2019\/08\/30\/governo-reduz-de-r-1-040-para-r-1-039-previsao-para-o-salario-minimo-em-2020\/","title":{"rendered":"GOVERNO REDUZ DE R$ 1.040 PARA R$ 1.039 PREVIS\u00c3O PARA O SAL\u00c1RIO M\u00cdNIMO EM 2020"},"content":{"rendered":"<p><a href=\"https:\/\/www.sudoestehoje.com.br\/novoportal\/wp-content\/uploads\/2019\/08\/1_real.jpg\"><img loading=\"lazy\" decoding=\"async\" class=\"aligncenter  wp-image-81908\" src=\"https:\/\/www.sudoestehoje.com.br\/novoportal\/wp-content\/uploads\/2019\/08\/1_real-500x242.jpg\" alt=\"\" width=\"502\" height=\"243\" srcset=\"https:\/\/www.sudoestehoje.com.br\/novoportal\/wp-content\/uploads\/2019\/08\/1_real-500x242.jpg 500w, https:\/\/www.sudoestehoje.com.br\/novoportal\/wp-content\/uploads\/2019\/08\/1_real.jpg 620w\" sizes=\"auto, (max-width: 502px) 100vw, 502px\" \/><\/a><\/p>\n<p>A proposta de or\u00e7amento para o ano de 2020, divulgada nesta sexta-feira (30) pelo Minist\u00e9rio da Economia, prev\u00ea aumento do sal\u00e1rio m\u00ednimo dos atuais R$ 998 para R$ 1.039 a partir de janeiro do ano que vem \u2013 com pagamento em fevereiro.<\/p>\n<p>O valor est\u00e1 abaixo da previs\u00e3o anterior (R$ 1 real a menos), feita em abril, de que o sal\u00e1rio m\u00ednimo avan\u00e7aria para R$ 1.040 em 2020.<\/p>\n<p>A explica\u00e7\u00e3o \u00e9 que o governo previu a corre\u00e7\u00e3o do sal\u00e1rio m\u00ednimo do pr\u00f3ximo ano apenas pela varia\u00e7\u00e3o da infla\u00e7\u00e3o de 2019 \u2013 que, por conta do fraco ritmo de crescimento da economia, est\u00e1 menor do que a estimativa feita em abril.<\/p>\n<p>A previs\u00e3o do governo para o \u00cdndice Nacional de Pre\u00e7os ao Consumidor (INPC) de 2019 ficou em 4,02%. Ao prever, em abril, sal\u00e1rio m\u00ednimo de R$ 1.040 para o ano que vem, a previs\u00e3o era de que a varia\u00e7\u00e3o do INPC fosse de 4,19% neste ano.<\/p>\n<p>Mesmo assim, essa ser\u00e1 a primeira vez que o sal\u00e1rio m\u00ednimo, que serve de refer\u00eancia para mais de 45 milh\u00f5es de pessoas, ficar\u00e1 acima da marca de R$ 1 mil.<\/p>\n","protected":false},"excerpt":{"rendered":"<p>A proposta de or\u00e7amento para o ano de 2020, divulgada nesta sexta-feira (30) pelo Minist\u00e9rio da Economia, prev\u00ea aumento do sal\u00e1rio m\u00ednimo dos atuais R$ 998 para R$ 1.039 a partir de janeiro do ano que vem \u2013 com pagamento em fevereiro. O valor est\u00e1 abaixo da previs\u00e3o anterior (R$ 1 real a menos), feita [&hellip;]<\/p>\n","protected":false},"author":2,"featured_media":81908,"comment_status":"open","ping_status":"open","sticky":false,"template":"","format":"standard","meta":{"footnotes":"","_links_to":"","_links_to_target":""},"categories":[1],"tags":[],"class_list":["post-81907","post","type-post","status-publish","format-standard","has-post-thumbnail","hentry","category-geral"],"views":828,"_links":{"self":[{"href":"https:\/\/www.sudoestehoje.com.br\/novoportal\/wp-json\/wp\/v2\/posts\/81907","targetHints":{"allow":["GET"]}}],"collection":[{"href":"https:\/\/www.sudoestehoje.com.br\/novoportal\/wp-json\/wp\/v2\/posts"}],"about":[{"href":"https:\/\/www.sudoestehoje.com.br\/novoportal\/wp-json\/wp\/v2\/types\/post"}],"author":[{"embeddable":true,"href":"https:\/\/www.sudoestehoje.com.br\/novoportal\/wp-json\/wp\/v2\/users\/2"}],"replies":[{"embeddable":true,"href":"https:\/\/www.sudoestehoje.com.br\/novoportal\/wp-json\/wp\/v2\/comments?post=81907"}],"version-history":[{"count":3,"href":"https:\/\/www.sudoestehoje.com.br\/novoportal\/wp-json\/wp\/v2\/posts\/81907\/revisions"}],"predecessor-version":[{"id":81911,"href":"https:\/\/www.sudoestehoje.com.br\/novoportal\/wp-json\/wp\/v2\/posts\/81907\/revisions\/81911"}],"wp:featuredmedia":[{"embeddable":true,"href":"https:\/\/www.sudoestehoje.com.br\/novoportal\/wp-json\/wp\/v2\/media\/81908"}],"wp:attachment":[{"href":"https:\/\/www.sudoestehoje.com.br\/novoportal\/wp-json\/wp\/v2\/media?parent=81907"}],"wp:term":[{"taxonomy":"category","embeddable":true,"href":"https:\/\/www.sudoestehoje.com.br\/novoportal\/wp-json\/wp\/v2\/categories?post=81907"},{"taxonomy":"post_tag","embeddable":true,"href":"https:\/\/www.sudoestehoje.com.br\/novoportal\/wp-json\/wp\/v2\/tags?post=81907"}],"curies":[{"name":"wp","href":"https:\/\/api.w.org\/{rel}","templated":true}]}}