
{"id":81902,"date":"2019-08-30T18:27:14","date_gmt":"2019-08-30T21:27:14","guid":{"rendered":"https:\/\/www.sudoestehoje.com.br\/novoportal\/?p=81902"},"modified":"2019-08-30T18:33:02","modified_gmt":"2019-08-30T21:33:02","slug":"itapetinga-deputado-antonio-brito-prestigia-inauguracao-da-nova-sede-do-mp","status":"publish","type":"post","link":"https:\/\/www.sudoestehoje.com.br\/novoportal\/2019\/08\/30\/itapetinga-deputado-antonio-brito-prestigia-inauguracao-da-nova-sede-do-mp\/","title":{"rendered":"ITAPETINGA: DEPUTADO ANT\u00d4NIO BRITO PRESTIGIA INAUGURA\u00c7\u00c3O DA NOVA SEDE DO MP"},"content":{"rendered":"<p><a href=\"https:\/\/www.sudoestehoje.com.br\/novoportal\/wp-content\/uploads\/2019\/08\/brito-mp.jpg\"><img loading=\"lazy\" decoding=\"async\" class=\"aligncenter size-medium wp-image-81903\" src=\"https:\/\/www.sudoestehoje.com.br\/novoportal\/wp-content\/uploads\/2019\/08\/brito-mp-500x500.jpg\" alt=\"\" width=\"500\" height=\"500\" srcset=\"https:\/\/www.sudoestehoje.com.br\/novoportal\/wp-content\/uploads\/2019\/08\/brito-mp-500x500.jpg 500w, https:\/\/www.sudoestehoje.com.br\/novoportal\/wp-content\/uploads\/2019\/08\/brito-mp-150x150.jpg 150w, https:\/\/www.sudoestehoje.com.br\/novoportal\/wp-content\/uploads\/2019\/08\/brito-mp-768x768.jpg 768w, https:\/\/www.sudoestehoje.com.br\/novoportal\/wp-content\/uploads\/2019\/08\/brito-mp-700x700.jpg 700w, https:\/\/www.sudoestehoje.com.br\/novoportal\/wp-content\/uploads\/2019\/08\/brito-mp.jpg 960w\" sizes=\"auto, (max-width: 500px) 100vw, 500px\" \/><\/a><\/p>\n<p>Na manh\u00e3 desta sexta-feira (30), o deputado federal Ant\u00f4nio Brito participou da inaugura\u00e7\u00e3o da nova sede da Promotoria de Justi\u00e7a Regional, do Minist\u00e9rio P\u00fablico no munic\u00edpio.<\/p>\n<p>A unidade foi constru\u00edda com recursos pr\u00f3prios e emenda parlamentar de autoria do deputado, no valor de R$550 mil.<\/p>\n<p><a href=\"https:\/\/www.sudoestehoje.com.br\/novoportal\/wp-content\/uploads\/2019\/08\/mp-sede.jpg\"><img loading=\"lazy\" decoding=\"async\" class=\"aligncenter size-medium wp-image-81904\" src=\"https:\/\/www.sudoestehoje.com.br\/novoportal\/wp-content\/uploads\/2019\/08\/mp-sede-500x500.jpg\" alt=\"\" width=\"500\" height=\"500\" srcset=\"https:\/\/www.sudoestehoje.com.br\/novoportal\/wp-content\/uploads\/2019\/08\/mp-sede-500x500.jpg 500w, https:\/\/www.sudoestehoje.com.br\/novoportal\/wp-content\/uploads\/2019\/08\/mp-sede-150x150.jpg 150w, https:\/\/www.sudoestehoje.com.br\/novoportal\/wp-content\/uploads\/2019\/08\/mp-sede-768x768.jpg 768w, https:\/\/www.sudoestehoje.com.br\/novoportal\/wp-content\/uploads\/2019\/08\/mp-sede-700x700.jpg 700w, https:\/\/www.sudoestehoje.com.br\/novoportal\/wp-content\/uploads\/2019\/08\/mp-sede.jpg 960w\" sizes=\"auto, (max-width: 500px) 100vw, 500px\" \/><\/a><\/p>\n<p>Estiveram presentes na solenidade a procuradora Geral do Estado, Ediene Lousado, o prefeito Rodrigo Hagge, o coordenador Executivo da Federa\u00e7\u00e3o das Santas Casas da Bahia, Leonardo Matos, a coordenadora da Funda\u00e7\u00e3o Jos\u00e9 Silveira\/HCR, Ana B\u00e1rbara Matos, representantes do Minist\u00e9rio P\u00fablico, da OAB, vereadores e sociedade civil.<\/p>\n","protected":false},"excerpt":{"rendered":"<p>Na manh\u00e3 desta sexta-feira (30), o deputado federal Ant\u00f4nio Brito participou da inaugura\u00e7\u00e3o da nova sede da Promotoria de Justi\u00e7a Regional, do Minist\u00e9rio P\u00fablico no munic\u00edpio. A unidade foi constru\u00edda com recursos pr\u00f3prios e emenda parlamentar de autoria do deputado, no valor de R$550 mil. Estiveram presentes na solenidade a procuradora Geral do Estado, Ediene [&hellip;]<\/p>\n","protected":false},"author":2,"featured_media":81903,"comment_status":"open","ping_status":"open","sticky":false,"template":"","format":"standard","meta":{"footnotes":"","_links_to":"","_links_to_target":""},"categories":[1],"tags":[],"class_list":["post-81902","post","type-post","status-publish","format-standard","has-post-thumbnail","hentry","category-geral"],"views":823,"_links":{"self":[{"href":"https:\/\/www.sudoestehoje.com.br\/novoportal\/wp-json\/wp\/v2\/posts\/81902","targetHints":{"allow":["GET"]}}],"collection":[{"href":"https:\/\/www.sudoestehoje.com.br\/novoportal\/wp-json\/wp\/v2\/posts"}],"about":[{"href":"https:\/\/www.sudoestehoje.com.br\/novoportal\/wp-json\/wp\/v2\/types\/post"}],"author":[{"embeddable":true,"href":"https:\/\/www.sudoestehoje.com.br\/novoportal\/wp-json\/wp\/v2\/users\/2"}],"replies":[{"embeddable":true,"href":"https:\/\/www.sudoestehoje.com.br\/novoportal\/wp-json\/wp\/v2\/comments?post=81902"}],"version-history":[{"count":2,"href":"https:\/\/www.sudoestehoje.com.br\/novoportal\/wp-json\/wp\/v2\/posts\/81902\/revisions"}],"predecessor-version":[{"id":81906,"href":"https:\/\/www.sudoestehoje.com.br\/novoportal\/wp-json\/wp\/v2\/posts\/81902\/revisions\/81906"}],"wp:featuredmedia":[{"embeddable":true,"href":"https:\/\/www.sudoestehoje.com.br\/novoportal\/wp-json\/wp\/v2\/media\/81903"}],"wp:attachment":[{"href":"https:\/\/www.sudoestehoje.com.br\/novoportal\/wp-json\/wp\/v2\/media?parent=81902"}],"wp:term":[{"taxonomy":"category","embeddable":true,"href":"https:\/\/www.sudoestehoje.com.br\/novoportal\/wp-json\/wp\/v2\/categories?post=81902"},{"taxonomy":"post_tag","embeddable":true,"href":"https:\/\/www.sudoestehoje.com.br\/novoportal\/wp-json\/wp\/v2\/tags?post=81902"}],"curies":[{"name":"wp","href":"https:\/\/api.w.org\/{rel}","templated":true}]}}