
{"id":81887,"date":"2019-08-29T21:51:17","date_gmt":"2019-08-30T00:51:17","guid":{"rendered":"https:\/\/www.sudoestehoje.com.br\/novoportal\/?p=81887"},"modified":"2019-08-29T21:54:37","modified_gmt":"2019-08-30T00:54:37","slug":"itapetinga-camara-de-vereadores-realiza-sessao-especial-no-povoado-de-palmares","status":"publish","type":"post","link":"https:\/\/www.sudoestehoje.com.br\/novoportal\/2019\/08\/29\/itapetinga-camara-de-vereadores-realiza-sessao-especial-no-povoado-de-palmares\/","title":{"rendered":"ITAPETINGA: C\u00c2MARA DE VEREADORES REALIZA SESS\u00c3O ESPECIAL NO POVOADO DE PALMARES"},"content":{"rendered":"<p><a href=\"https:\/\/www.sudoestehoje.com.br\/novoportal\/wp-content\/uploads\/2019\/08\/SESS\u00c3O-PALMARES-2.jpg\"><img loading=\"lazy\" decoding=\"async\" class=\"aligncenter size-medium wp-image-81891\" src=\"https:\/\/www.sudoestehoje.com.br\/novoportal\/wp-content\/uploads\/2019\/08\/SESS\u00c3O-PALMARES-2-500x333.jpg\" alt=\"\" width=\"500\" height=\"333\" srcset=\"https:\/\/www.sudoestehoje.com.br\/novoportal\/wp-content\/uploads\/2019\/08\/SESS\u00c3O-PALMARES-2-500x333.jpg 500w, https:\/\/www.sudoestehoje.com.br\/novoportal\/wp-content\/uploads\/2019\/08\/SESS\u00c3O-PALMARES-2-768x512.jpg 768w, https:\/\/www.sudoestehoje.com.br\/novoportal\/wp-content\/uploads\/2019\/08\/SESS\u00c3O-PALMARES-2-700x467.jpg 700w, https:\/\/www.sudoestehoje.com.br\/novoportal\/wp-content\/uploads\/2019\/08\/SESS\u00c3O-PALMARES-2.jpg 960w\" sizes=\"auto, (max-width: 500px) 100vw, 500px\" \/><\/a><\/p>\n<p>Distante cerca de 70 km da sede do munic\u00edpio de Itapetinga, o povoado de Palmares recebeu, na manh\u00e3 desta quinta-feira (29), uma sess\u00e3o especial itinerante da C\u00e2mara de Vereadores. O evento foi proposto pela Mesa Diretora, no intuito de facilitar o acesso daquela comunidade aos trabalhos legislativos e incentivar a participa\u00e7\u00e3o popular.<\/p>\n<p><a href=\"https:\/\/www.sudoestehoje.com.br\/novoportal\/wp-content\/uploads\/2019\/08\/SESS\u00c3O-PALMARES-1.jpg\"><img loading=\"lazy\" decoding=\"async\" class=\"aligncenter size-medium wp-image-81890\" src=\"https:\/\/www.sudoestehoje.com.br\/novoportal\/wp-content\/uploads\/2019\/08\/SESS\u00c3O-PALMARES-1-500x333.jpg\" alt=\"\" width=\"500\" height=\"333\" srcset=\"https:\/\/www.sudoestehoje.com.br\/novoportal\/wp-content\/uploads\/2019\/08\/SESS\u00c3O-PALMARES-1-500x333.jpg 500w, https:\/\/www.sudoestehoje.com.br\/novoportal\/wp-content\/uploads\/2019\/08\/SESS\u00c3O-PALMARES-1-768x512.jpg 768w, https:\/\/www.sudoestehoje.com.br\/novoportal\/wp-content\/uploads\/2019\/08\/SESS\u00c3O-PALMARES-1-700x467.jpg 700w, https:\/\/www.sudoestehoje.com.br\/novoportal\/wp-content\/uploads\/2019\/08\/SESS\u00c3O-PALMARES-1.jpg 960w\" sizes=\"auto, (max-width: 500px) 100vw, 500px\" \/><\/a><\/p>\n<p>A sess\u00e3o especial itinerante contou com a participa\u00e7\u00e3o dos secret\u00e1rios municipais de Educa\u00e7\u00e3o, Infraestrutura e Transportes, Geraldo Trindade, Gustavo David e Luciano Almeida, respectivamente, al\u00e9m do comandante da Guarda Municipal, o GM Weltmo Vieira, e do administrador do povoado, Carlos Jos\u00e9 dos Santos, mais conhecido como Carl\u00e3o.<\/p>\n<p><a href=\"https:\/\/www.sudoestehoje.com.br\/novoportal\/wp-content\/uploads\/2019\/08\/SESS\u00c3O-PALMARES-4.jpg\"><img loading=\"lazy\" decoding=\"async\" class=\"aligncenter size-medium wp-image-81893\" src=\"https:\/\/www.sudoestehoje.com.br\/novoportal\/wp-content\/uploads\/2019\/08\/SESS\u00c3O-PALMARES-4-500x333.jpg\" alt=\"\" width=\"500\" height=\"333\" srcset=\"https:\/\/www.sudoestehoje.com.br\/novoportal\/wp-content\/uploads\/2019\/08\/SESS\u00c3O-PALMARES-4-500x333.jpg 500w, https:\/\/www.sudoestehoje.com.br\/novoportal\/wp-content\/uploads\/2019\/08\/SESS\u00c3O-PALMARES-4-768x512.jpg 768w, https:\/\/www.sudoestehoje.com.br\/novoportal\/wp-content\/uploads\/2019\/08\/SESS\u00c3O-PALMARES-4-700x467.jpg 700w, https:\/\/www.sudoestehoje.com.br\/novoportal\/wp-content\/uploads\/2019\/08\/SESS\u00c3O-PALMARES-4.jpg 960w\" sizes=\"auto, (max-width: 500px) 100vw, 500px\" \/><\/a><\/p>\n<p>Entre os membros do Poder Legislativo presentes estavam a presidenta Naara Duarte (DEM), o vice-presidente, Sargento Alberto (PP); os secret\u00e1rios da mesa diretora, Nailton Negreiro\u00a0 (PRB), Anderson da Nova (DEM) e Jo\u00e3o de Deus (MDB); al\u00e9m dos vereadores Tarug\u00e3o (MDB), Fabiano Bahia (DEM), M\u00e1rcio Piu (PSC), Romildo Teixeira (PSL) e Valdeir Chagas (PDT).<\/p>\n<p><span style=\"color: #0000ff;\"><strong><a style=\"color: #0000ff;\" href=\"https:\/\/www.itapetinga.ba.leg.br\/site\/2019\/08\/29\/camara-realiza-sessao-especial-no-povoado-de-palmares\/\">CONFIRA MAT\u00c9RIA COMPLETA<\/a><\/strong><\/span><\/p>\n<p><span style=\"color: #0000ff;\"><strong><a style=\"color: #0000ff;\" href=\"https:\/\/www.facebook.com\/pg\/camaraitapetinga\/photos\/?tab=album&amp;album_id=659353444551135\">GALERIA DE FOTOS<\/a><\/strong><\/span><\/p>\n","protected":false},"excerpt":{"rendered":"<p>Distante cerca de 70 km da sede do munic\u00edpio de Itapetinga, o povoado de Palmares recebeu, na manh\u00e3 desta quinta-feira (29), uma sess\u00e3o especial itinerante da C\u00e2mara de Vereadores. O evento foi proposto pela Mesa Diretora, no intuito de facilitar o acesso daquela comunidade aos trabalhos legislativos e incentivar a participa\u00e7\u00e3o popular. A sess\u00e3o especial [&hellip;]<\/p>\n","protected":false},"author":2,"featured_media":81891,"comment_status":"open","ping_status":"open","sticky":false,"template":"","format":"standard","meta":{"footnotes":"","_links_to":"","_links_to_target":""},"categories":[1],"tags":[],"class_list":["post-81887","post","type-post","status-publish","format-standard","has-post-thumbnail","hentry","category-geral"],"views":886,"_links":{"self":[{"href":"https:\/\/www.sudoestehoje.com.br\/novoportal\/wp-json\/wp\/v2\/posts\/81887","targetHints":{"allow":["GET"]}}],"collection":[{"href":"https:\/\/www.sudoestehoje.com.br\/novoportal\/wp-json\/wp\/v2\/posts"}],"about":[{"href":"https:\/\/www.sudoestehoje.com.br\/novoportal\/wp-json\/wp\/v2\/types\/post"}],"author":[{"embeddable":true,"href":"https:\/\/www.sudoestehoje.com.br\/novoportal\/wp-json\/wp\/v2\/users\/2"}],"replies":[{"embeddable":true,"href":"https:\/\/www.sudoestehoje.com.br\/novoportal\/wp-json\/wp\/v2\/comments?post=81887"}],"version-history":[{"count":3,"href":"https:\/\/www.sudoestehoje.com.br\/novoportal\/wp-json\/wp\/v2\/posts\/81887\/revisions"}],"predecessor-version":[{"id":81896,"href":"https:\/\/www.sudoestehoje.com.br\/novoportal\/wp-json\/wp\/v2\/posts\/81887\/revisions\/81896"}],"wp:featuredmedia":[{"embeddable":true,"href":"https:\/\/www.sudoestehoje.com.br\/novoportal\/wp-json\/wp\/v2\/media\/81891"}],"wp:attachment":[{"href":"https:\/\/www.sudoestehoje.com.br\/novoportal\/wp-json\/wp\/v2\/media?parent=81887"}],"wp:term":[{"taxonomy":"category","embeddable":true,"href":"https:\/\/www.sudoestehoje.com.br\/novoportal\/wp-json\/wp\/v2\/categories?post=81887"},{"taxonomy":"post_tag","embeddable":true,"href":"https:\/\/www.sudoestehoje.com.br\/novoportal\/wp-json\/wp\/v2\/tags?post=81887"}],"curies":[{"name":"wp","href":"https:\/\/api.w.org\/{rel}","templated":true}]}}