
{"id":81884,"date":"2019-08-29T21:23:08","date_gmt":"2019-08-30T00:23:08","guid":{"rendered":"https:\/\/www.sudoestehoje.com.br\/novoportal\/?p=81884"},"modified":"2019-08-29T21:23:08","modified_gmt":"2019-08-30T00:23:08","slug":"macarani-reinauguracao-do-psf-dr-joao-bosco-acontece-neste-sabado","status":"publish","type":"post","link":"https:\/\/www.sudoestehoje.com.br\/novoportal\/2019\/08\/29\/macarani-reinauguracao-do-psf-dr-joao-bosco-acontece-neste-sabado\/","title":{"rendered":"MACARANI: REINAUGURA\u00c7\u00c3O DO PSF DR. JO\u00c3O BOSCO ACONTECE NESTE S\u00c1BADO"},"content":{"rendered":"<p><a href=\"https:\/\/www.sudoestehoje.com.br\/novoportal\/wp-content\/uploads\/2019\/08\/psf-macarani.jpg\"><img loading=\"lazy\" decoding=\"async\" class=\"aligncenter size-medium wp-image-81885\" src=\"https:\/\/www.sudoestehoje.com.br\/novoportal\/wp-content\/uploads\/2019\/08\/psf-macarani-500x530.jpg\" alt=\"\" width=\"500\" height=\"530\" srcset=\"https:\/\/www.sudoestehoje.com.br\/novoportal\/wp-content\/uploads\/2019\/08\/psf-macarani-500x530.jpg 500w, https:\/\/www.sudoestehoje.com.br\/novoportal\/wp-content\/uploads\/2019\/08\/psf-macarani-700x742.jpg 700w, https:\/\/www.sudoestehoje.com.br\/novoportal\/wp-content\/uploads\/2019\/08\/psf-macarani.jpg 733w\" sizes=\"auto, (max-width: 500px) 100vw, 500px\" \/><\/a><\/p>\n<p>Ap\u00f3s reforma realizada pela Secretaria de Sa\u00fade de Macarani, o PSF Dr. Jo\u00e3o Bosco ser\u00e1 reinaugurado neste s\u00e1bado (21), pelo prefeito Miller Ferraz e sua equipe de governo. O convite (foto) foi postado nas redes sociais pelo prefeito do munic\u00edpio.<\/p>\n","protected":false},"excerpt":{"rendered":"<p>Ap\u00f3s reforma realizada pela Secretaria de Sa\u00fade de Macarani, o PSF Dr. Jo\u00e3o Bosco ser\u00e1 reinaugurado neste s\u00e1bado (21), pelo prefeito Miller Ferraz e sua equipe de governo. O convite (foto) foi postado nas redes sociais pelo prefeito do munic\u00edpio.<\/p>\n","protected":false},"author":2,"featured_media":81885,"comment_status":"open","ping_status":"open","sticky":false,"template":"","format":"standard","meta":{"footnotes":"","_links_to":"","_links_to_target":""},"categories":[1],"tags":[],"class_list":["post-81884","post","type-post","status-publish","format-standard","has-post-thumbnail","hentry","category-geral"],"views":907,"_links":{"self":[{"href":"https:\/\/www.sudoestehoje.com.br\/novoportal\/wp-json\/wp\/v2\/posts\/81884","targetHints":{"allow":["GET"]}}],"collection":[{"href":"https:\/\/www.sudoestehoje.com.br\/novoportal\/wp-json\/wp\/v2\/posts"}],"about":[{"href":"https:\/\/www.sudoestehoje.com.br\/novoportal\/wp-json\/wp\/v2\/types\/post"}],"author":[{"embeddable":true,"href":"https:\/\/www.sudoestehoje.com.br\/novoportal\/wp-json\/wp\/v2\/users\/2"}],"replies":[{"embeddable":true,"href":"https:\/\/www.sudoestehoje.com.br\/novoportal\/wp-json\/wp\/v2\/comments?post=81884"}],"version-history":[{"count":1,"href":"https:\/\/www.sudoestehoje.com.br\/novoportal\/wp-json\/wp\/v2\/posts\/81884\/revisions"}],"predecessor-version":[{"id":81886,"href":"https:\/\/www.sudoestehoje.com.br\/novoportal\/wp-json\/wp\/v2\/posts\/81884\/revisions\/81886"}],"wp:featuredmedia":[{"embeddable":true,"href":"https:\/\/www.sudoestehoje.com.br\/novoportal\/wp-json\/wp\/v2\/media\/81885"}],"wp:attachment":[{"href":"https:\/\/www.sudoestehoje.com.br\/novoportal\/wp-json\/wp\/v2\/media?parent=81884"}],"wp:term":[{"taxonomy":"category","embeddable":true,"href":"https:\/\/www.sudoestehoje.com.br\/novoportal\/wp-json\/wp\/v2\/categories?post=81884"},{"taxonomy":"post_tag","embeddable":true,"href":"https:\/\/www.sudoestehoje.com.br\/novoportal\/wp-json\/wp\/v2\/tags?post=81884"}],"curies":[{"name":"wp","href":"https:\/\/api.w.org\/{rel}","templated":true}]}}