
{"id":81872,"date":"2019-08-29T02:33:00","date_gmt":"2019-08-29T05:33:00","guid":{"rendered":"https:\/\/www.sudoestehoje.com.br\/novoportal\/?p=81872"},"modified":"2019-08-29T02:33:00","modified_gmt":"2019-08-29T05:33:00","slug":"prefeitura-de-caatiba-apoia-realizacao-do-dia-do-campo-pelas-secretarias-de-agricultura-e-do-meio-ambiente","status":"publish","type":"post","link":"https:\/\/www.sudoestehoje.com.br\/novoportal\/2019\/08\/29\/prefeitura-de-caatiba-apoia-realizacao-do-dia-do-campo-pelas-secretarias-de-agricultura-e-do-meio-ambiente\/","title":{"rendered":"PREFEITURA DE CAATIBA APOIA REALIZA\u00c7\u00c3O DO &#8216;DIA DO CAMPO&#8217; PELAS SECRETARIAS DE AGRICULTURA E DO MEIO AMBIENTE"},"content":{"rendered":"<p><a href=\"https:\/\/www.sudoestehoje.com.br\/novoportal\/wp-content\/uploads\/2019\/08\/DIA-DO-CAMPO-1.jpg\"><img loading=\"lazy\" decoding=\"async\" class=\"aligncenter size-medium wp-image-81874\" src=\"https:\/\/www.sudoestehoje.com.br\/novoportal\/wp-content\/uploads\/2019\/08\/DIA-DO-CAMPO-1-500x375.jpg\" alt=\"\" width=\"500\" height=\"375\" srcset=\"https:\/\/www.sudoestehoje.com.br\/novoportal\/wp-content\/uploads\/2019\/08\/DIA-DO-CAMPO-1-500x375.jpg 500w, https:\/\/www.sudoestehoje.com.br\/novoportal\/wp-content\/uploads\/2019\/08\/DIA-DO-CAMPO-1-768x576.jpg 768w, https:\/\/www.sudoestehoje.com.br\/novoportal\/wp-content\/uploads\/2019\/08\/DIA-DO-CAMPO-1-700x525.jpg 700w, https:\/\/www.sudoestehoje.com.br\/novoportal\/wp-content\/uploads\/2019\/08\/DIA-DO-CAMPO-1.jpg 960w\" sizes=\"auto, (max-width: 500px) 100vw, 500px\" \/><\/a><\/p>\n<p>Com total apoio da Prefeitura municipal de Caatiba a Secretaria Municipal de Agricultura em parceria com a Secretaria Municipal de Meio Ambiente realizaram uma importante a\u00e7\u00e3o na regi\u00e3o rural de Bica da Serra \u201cO Dia no Campo\u201d, evento direcionado pelos profissionais do IF Baiano Campus de Itapetinga, teve diversas pautas dentre elas: Cobertura de solo, aduba\u00e7\u00e3o no cultivo de bananas, preserva\u00e7\u00e3o e conserva\u00e7\u00e3o de nascentes.<\/p>\n<p><a href=\"https:\/\/www.sudoestehoje.com.br\/novoportal\/wp-content\/uploads\/2019\/08\/DIA-DO-CAMPO-2.jpg\"><img loading=\"lazy\" decoding=\"async\" class=\"aligncenter size-medium wp-image-81875\" src=\"https:\/\/www.sudoestehoje.com.br\/novoportal\/wp-content\/uploads\/2019\/08\/DIA-DO-CAMPO-2-500x375.jpg\" alt=\"\" width=\"500\" height=\"375\" srcset=\"https:\/\/www.sudoestehoje.com.br\/novoportal\/wp-content\/uploads\/2019\/08\/DIA-DO-CAMPO-2-500x375.jpg 500w, https:\/\/www.sudoestehoje.com.br\/novoportal\/wp-content\/uploads\/2019\/08\/DIA-DO-CAMPO-2-768x576.jpg 768w, https:\/\/www.sudoestehoje.com.br\/novoportal\/wp-content\/uploads\/2019\/08\/DIA-DO-CAMPO-2-700x525.jpg 700w, https:\/\/www.sudoestehoje.com.br\/novoportal\/wp-content\/uploads\/2019\/08\/DIA-DO-CAMPO-2.jpg 960w\" sizes=\"auto, (max-width: 500px) 100vw, 500px\" \/><\/a><\/p>\n<p>Nesta mesma oportunidade, ocorreu uma atividade te\u00f3rico-pr\u00e1tica, organizada pelo professor Emilson Batista, sobre &#8220;Preserva\u00e7\u00e3o dos Recursos H\u00eddricos&#8221;, principalmente em rela\u00e7\u00e3o \u00e0s nascentes.<\/p>\n<p><a href=\"https:\/\/www.sudoestehoje.com.br\/novoportal\/wp-content\/uploads\/2019\/08\/DIA-DO-CAMPO-3-1.jpg\"><img loading=\"lazy\" decoding=\"async\" class=\"aligncenter size-medium wp-image-81877\" src=\"https:\/\/www.sudoestehoje.com.br\/novoportal\/wp-content\/uploads\/2019\/08\/DIA-DO-CAMPO-3-1-500x375.jpg\" alt=\"\" width=\"500\" height=\"375\" srcset=\"https:\/\/www.sudoestehoje.com.br\/novoportal\/wp-content\/uploads\/2019\/08\/DIA-DO-CAMPO-3-1-500x375.jpg 500w, https:\/\/www.sudoestehoje.com.br\/novoportal\/wp-content\/uploads\/2019\/08\/DIA-DO-CAMPO-3-1-768x576.jpg 768w, https:\/\/www.sudoestehoje.com.br\/novoportal\/wp-content\/uploads\/2019\/08\/DIA-DO-CAMPO-3-1-700x525.jpg 700w, https:\/\/www.sudoestehoje.com.br\/novoportal\/wp-content\/uploads\/2019\/08\/DIA-DO-CAMPO-3-1.jpg 960w\" sizes=\"auto, (max-width: 500px) 100vw, 500px\" \/><\/a><\/p>\n<p>Ainda estiveram presentes os palestrantes: Emilson Batista Diretor do IF. Baiano, Erika Ferreira Coordenadora de Extens\u00e3o, Jeferson Professor, Cristiano Professor, C\u00e9sar Professor e alunos do IF. Baiano do Campus de Itapetinga, Anderson &#8211; Engenheiro Ambiental-CEDASB.<\/p>\n<p><a href=\"https:\/\/www.sudoestehoje.com.br\/novoportal\/wp-content\/uploads\/2019\/08\/DIA-DO-CAMPO-4.jpg\"><img loading=\"lazy\" decoding=\"async\" class=\"aligncenter size-medium wp-image-81878\" src=\"https:\/\/www.sudoestehoje.com.br\/novoportal\/wp-content\/uploads\/2019\/08\/DIA-DO-CAMPO-4-500x375.jpg\" alt=\"\" width=\"500\" height=\"375\" srcset=\"https:\/\/www.sudoestehoje.com.br\/novoportal\/wp-content\/uploads\/2019\/08\/DIA-DO-CAMPO-4-500x375.jpg 500w, https:\/\/www.sudoestehoje.com.br\/novoportal\/wp-content\/uploads\/2019\/08\/DIA-DO-CAMPO-4-768x576.jpg 768w, https:\/\/www.sudoestehoje.com.br\/novoportal\/wp-content\/uploads\/2019\/08\/DIA-DO-CAMPO-4-700x525.jpg 700w, https:\/\/www.sudoestehoje.com.br\/novoportal\/wp-content\/uploads\/2019\/08\/DIA-DO-CAMPO-4.jpg 960w\" sizes=\"auto, (max-width: 500px) 100vw, 500px\" \/><\/a><\/p>\n<p>Al\u00e9m da expressiva presen\u00e7a da comunidade de Bica da Serra, o rico movimento contou com a presen\u00e7a da Prefeita Maria T\u00e2nia Ribeiro, do Secret\u00e1rio Municipal de Agricultura Ant\u00f4nio Carlos, do Secret\u00e1rio Municipal de meio Ambiente Alo\u00edsio Alves Jardim e dos vereadores Graciano e Carlinhos. <strong><em>\/\/Ascom-<a href=\"https:\/\/www.facebook.com\/ascomcaatiba.ascom.7?__tn__=%2CdKH-R-R&amp;eid=ARDDkYEUSLvgE12d-QQtUU7zzfGHCZvpsHegvKJMAwTEacGjkb5wgcvWRaR0MlCIss9HZoKukQp5mhpZ&amp;fref=mentions\" data-hovercard=\"\/ajax\/hovercard\/user.php?id=100015971282217&amp;extragetparams=%7B%22__tn__%22%3A%22%2CdKH-R-R%22%2C%22eid%22%3A%22ARDDkYEUSLvgE12d-QQtUU7zzfGHCZvpsHegvKJMAwTEacGjkb5wgcvWRaR0MlCIss9HZoKukQp5mhpZ%22%2C%22fref%22%3A%22mentions%22%7D\" data-hovercard-prefer-more-content-show=\"1\">Caatiba Bahia<\/a><\/em><\/strong><\/p>\n","protected":false},"excerpt":{"rendered":"<p>Com total apoio da Prefeitura municipal de Caatiba a Secretaria Municipal de Agricultura em parceria com a Secretaria Municipal de Meio Ambiente realizaram uma importante a\u00e7\u00e3o na regi\u00e3o rural de Bica da Serra \u201cO Dia no Campo\u201d, evento direcionado pelos profissionais do IF Baiano Campus de Itapetinga, teve diversas pautas dentre elas: Cobertura de solo, [&hellip;]<\/p>\n","protected":false},"author":2,"featured_media":81874,"comment_status":"open","ping_status":"open","sticky":false,"template":"","format":"standard","meta":{"footnotes":"","_links_to":"","_links_to_target":""},"categories":[1],"tags":[],"class_list":["post-81872","post","type-post","status-publish","format-standard","has-post-thumbnail","hentry","category-geral"],"views":1046,"_links":{"self":[{"href":"https:\/\/www.sudoestehoje.com.br\/novoportal\/wp-json\/wp\/v2\/posts\/81872","targetHints":{"allow":["GET"]}}],"collection":[{"href":"https:\/\/www.sudoestehoje.com.br\/novoportal\/wp-json\/wp\/v2\/posts"}],"about":[{"href":"https:\/\/www.sudoestehoje.com.br\/novoportal\/wp-json\/wp\/v2\/types\/post"}],"author":[{"embeddable":true,"href":"https:\/\/www.sudoestehoje.com.br\/novoportal\/wp-json\/wp\/v2\/users\/2"}],"replies":[{"embeddable":true,"href":"https:\/\/www.sudoestehoje.com.br\/novoportal\/wp-json\/wp\/v2\/comments?post=81872"}],"version-history":[{"count":2,"href":"https:\/\/www.sudoestehoje.com.br\/novoportal\/wp-json\/wp\/v2\/posts\/81872\/revisions"}],"predecessor-version":[{"id":81879,"href":"https:\/\/www.sudoestehoje.com.br\/novoportal\/wp-json\/wp\/v2\/posts\/81872\/revisions\/81879"}],"wp:featuredmedia":[{"embeddable":true,"href":"https:\/\/www.sudoestehoje.com.br\/novoportal\/wp-json\/wp\/v2\/media\/81874"}],"wp:attachment":[{"href":"https:\/\/www.sudoestehoje.com.br\/novoportal\/wp-json\/wp\/v2\/media?parent=81872"}],"wp:term":[{"taxonomy":"category","embeddable":true,"href":"https:\/\/www.sudoestehoje.com.br\/novoportal\/wp-json\/wp\/v2\/categories?post=81872"},{"taxonomy":"post_tag","embeddable":true,"href":"https:\/\/www.sudoestehoje.com.br\/novoportal\/wp-json\/wp\/v2\/tags?post=81872"}],"curies":[{"name":"wp","href":"https:\/\/api.w.org\/{rel}","templated":true}]}}