
{"id":81845,"date":"2019-08-28T23:24:25","date_gmt":"2019-08-29T02:24:25","guid":{"rendered":"https:\/\/www.sudoestehoje.com.br\/novoportal\/?p=81845"},"modified":"2019-08-28T23:24:25","modified_gmt":"2019-08-29T02:24:25","slug":"ibge-confira-estimativa-populacional-das-cidades-do-medio-sudoeste-baiano","status":"publish","type":"post","link":"https:\/\/www.sudoestehoje.com.br\/novoportal\/2019\/08\/28\/ibge-confira-estimativa-populacional-das-cidades-do-medio-sudoeste-baiano\/","title":{"rendered":"IBGE: CONFIRA ESTIMATIVA POPULACIONAL DAS CIDADES DO M\u00c9DIO SUDOESTE BAIANO"},"content":{"rendered":"<p><a href=\"https:\/\/www.sudoestehoje.com.br\/novoportal\/wp-content\/uploads\/2019\/08\/M\u00e9dio-Sudoeste-.jpg\"><img loading=\"lazy\" decoding=\"async\" class=\"aligncenter size-full wp-image-81847\" src=\"https:\/\/www.sudoestehoje.com.br\/novoportal\/wp-content\/uploads\/2019\/08\/M\u00e9dio-Sudoeste-.jpg\" alt=\"\" width=\"419\" height=\"500\" \/><\/a><\/p>\n<p>De acordo com estimativas do IBGE, divulgadas nesta quarta-feira (28), algumas cidades do M\u00e9dio Sudoeste da Bahia tiveram aumento populacional, enquanto outras sofreram redu\u00e7\u00e3o nas suas popula\u00e7\u00f5es.<\/p>\n<p>As estimativas populacionais s\u00e3o utilizadas pelo Tribunal de Contas da Uni\u00e3o para o c\u00e1lculo do Fundo de Participa\u00e7\u00e3o de Estados e Munic\u00edpios e s\u00e3o refer\u00eancia para v\u00e1rios indicadores sociais, econ\u00f4micos e demogr\u00e1ficos. Confira lista das cidades da regi\u00e3o.<\/p>\n<table class=\"wikitable sortable jquery-tablesorter\">\n<tbody>\n<tr>\n<td><a title=\"\" href=\"https:\/\/pt.wikipedia.org\/wiki\/Itapetinga\">Itapetinga<\/a><\/td>\n<td>76\u00a0147<\/td>\n<\/tr>\n<\/tbody>\n<\/table>\n<table class=\"wikitable sortable jquery-tablesorter\">\n<tbody>\n<tr>\n<td><a title=\"\" href=\"https:\/\/pt.wikipedia.org\/wiki\/Igua%C3%AD\">Igua\u00ed<\/a><\/td>\n<td>26\u00a0916<\/td>\n<\/tr>\n<\/tbody>\n<\/table>\n<table class=\"wikitable sortable jquery-tablesorter\">\n<tbody>\n<tr>\n<td><a title=\"\" href=\"https:\/\/pt.wikipedia.org\/wiki\/Itamb%C3%A9_(Bahia)\">Itamb\u00e9<\/a><\/td>\n<td>23\u00a0049<\/td>\n<\/tr>\n<\/tbody>\n<\/table>\n<table class=\"wikitable sortable jquery-tablesorter\">\n<tbody>\n<tr>\n<td><a title=\"\" href=\"https:\/\/pt.wikipedia.org\/wiki\/Itoror%C3%B3\">Itoror\u00f3<\/a><\/td>\n<td>20\u00a0382<\/td>\n<\/tr>\n<\/tbody>\n<\/table>\n<table class=\"wikitable sortable jquery-tablesorter\">\n<tbody>\n<tr>\n<td><a title=\"\" href=\"https:\/\/pt.wikipedia.org\/wiki\/Itarantim\">Itarantim<\/a><\/td>\n<td>19\u00a0747<\/td>\n<\/tr>\n<\/tbody>\n<\/table>\n<table class=\"wikitable sortable jquery-tablesorter\">\n<tbody>\n<tr>\n<td><a title=\"\" href=\"https:\/\/pt.wikipedia.org\/wiki\/Macarani\">Macarani<\/a><\/td>\n<td>18\u00a0755<\/td>\n<\/tr>\n<\/tbody>\n<\/table>\n<table class=\"wikitable sortable jquery-tablesorter\">\n<tbody>\n<tr>\n<td><a title=\"\" href=\"https:\/\/pt.wikipedia.org\/wiki\/Nova_Cana%C3%A3\">Nova Cana\u00e3<\/a><\/td>\n<td>16\u00a0462<\/td>\n<\/tr>\n<\/tbody>\n<\/table>\n<table class=\"wikitable sortable jquery-tablesorter\">\n<tbody>\n<tr>\n<td><a title=\"\" href=\"https:\/\/pt.wikipedia.org\/wiki\/Ibicu%C3%AD\">Ibicu\u00ed<\/a><\/td>\n<td>16\u00a0198<\/td>\n<\/tr>\n<\/tbody>\n<\/table>\n<table class=\"wikitable sortable jquery-tablesorter\">\n<tbody>\n<tr>\n<td><a title=\"\" href=\"https:\/\/pt.wikipedia.org\/wiki\/Maiquinique\">Maiquinique<\/a><\/td>\n<td>10\u00a0112<\/td>\n<\/tr>\n<\/tbody>\n<\/table>\n<table class=\"wikitable sortable jquery-tablesorter\">\n<tbody>\n<tr>\n<td><a title=\"\" href=\"https:\/\/pt.wikipedia.org\/wiki\/Potiragu%C3%A1\">Potiragu\u00e1<\/a><\/td>\n<td>7\u00a0224<\/td>\n<\/tr>\n<\/tbody>\n<\/table>\n<table class=\"wikitable sortable jquery-tablesorter\">\n<tbody>\n<tr>\n<td><a title=\"\" href=\"https:\/\/pt.wikipedia.org\/wiki\/Caatiba\">Caatiba<\/a><\/td>\n<td>6\u00a0758<\/td>\n<\/tr>\n<\/tbody>\n<\/table>\n<table class=\"wikitable sortable jquery-tablesorter\">\n<tbody>\n<tr>\n<td><a title=\"\" href=\"https:\/\/pt.wikipedia.org\/wiki\/Santa_Cruz_da_Vit%C3%B3ria\">Santa Cruz da Vit\u00f3ria<\/a><\/td>\n<td>6\u00a0315<\/td>\n<\/tr>\n<\/tbody>\n<\/table>\n<table class=\"wikitable sortable jquery-tablesorter\">\n<tbody>\n<tr>\n<td><a title=\"\" href=\"https:\/\/pt.wikipedia.org\/wiki\/Ribeir%C3%A3o_do_Largo\">Ribeir\u00e3o do Largo<\/a><\/td>\n<td>5\u00a0812<\/td>\n<\/tr>\n<\/tbody>\n<\/table>\n<table class=\"wikitable sortable jquery-tablesorter\">\n<tbody>\n<tr>\n<td><a title=\"\" href=\"https:\/\/pt.wikipedia.org\/wiki\/Firmino_Alves\">Firmino Alves<\/a><\/td>\n<td>5\u00a0617<\/td>\n<\/tr>\n<\/tbody>\n<\/table>\n","protected":false},"excerpt":{"rendered":"<p>De acordo com estimativas do IBGE, divulgadas nesta quarta-feira (28), algumas cidades do M\u00e9dio Sudoeste da Bahia tiveram aumento populacional, enquanto outras sofreram redu\u00e7\u00e3o nas suas popula\u00e7\u00f5es. As estimativas populacionais s\u00e3o utilizadas pelo Tribunal de Contas da Uni\u00e3o para o c\u00e1lculo do Fundo de Participa\u00e7\u00e3o de Estados e Munic\u00edpios e s\u00e3o refer\u00eancia para v\u00e1rios indicadores [&hellip;]<\/p>\n","protected":false},"author":2,"featured_media":81847,"comment_status":"open","ping_status":"open","sticky":false,"template":"","format":"standard","meta":{"footnotes":"","_links_to":"","_links_to_target":""},"categories":[1],"tags":[],"class_list":["post-81845","post","type-post","status-publish","format-standard","has-post-thumbnail","hentry","category-geral"],"views":2005,"_links":{"self":[{"href":"https:\/\/www.sudoestehoje.com.br\/novoportal\/wp-json\/wp\/v2\/posts\/81845","targetHints":{"allow":["GET"]}}],"collection":[{"href":"https:\/\/www.sudoestehoje.com.br\/novoportal\/wp-json\/wp\/v2\/posts"}],"about":[{"href":"https:\/\/www.sudoestehoje.com.br\/novoportal\/wp-json\/wp\/v2\/types\/post"}],"author":[{"embeddable":true,"href":"https:\/\/www.sudoestehoje.com.br\/novoportal\/wp-json\/wp\/v2\/users\/2"}],"replies":[{"embeddable":true,"href":"https:\/\/www.sudoestehoje.com.br\/novoportal\/wp-json\/wp\/v2\/comments?post=81845"}],"version-history":[{"count":2,"href":"https:\/\/www.sudoestehoje.com.br\/novoportal\/wp-json\/wp\/v2\/posts\/81845\/revisions"}],"predecessor-version":[{"id":81848,"href":"https:\/\/www.sudoestehoje.com.br\/novoportal\/wp-json\/wp\/v2\/posts\/81845\/revisions\/81848"}],"wp:featuredmedia":[{"embeddable":true,"href":"https:\/\/www.sudoestehoje.com.br\/novoportal\/wp-json\/wp\/v2\/media\/81847"}],"wp:attachment":[{"href":"https:\/\/www.sudoestehoje.com.br\/novoportal\/wp-json\/wp\/v2\/media?parent=81845"}],"wp:term":[{"taxonomy":"category","embeddable":true,"href":"https:\/\/www.sudoestehoje.com.br\/novoportal\/wp-json\/wp\/v2\/categories?post=81845"},{"taxonomy":"post_tag","embeddable":true,"href":"https:\/\/www.sudoestehoje.com.br\/novoportal\/wp-json\/wp\/v2\/tags?post=81845"}],"curies":[{"name":"wp","href":"https:\/\/api.w.org\/{rel}","templated":true}]}}