
{"id":81838,"date":"2019-08-28T22:04:33","date_gmt":"2019-08-29T01:04:33","guid":{"rendered":"https:\/\/www.sudoestehoje.com.br\/novoportal\/?p=81838"},"modified":"2019-08-29T01:59:15","modified_gmt":"2019-08-29T04:59:15","slug":"ibge-aponta-crescimento-da-populacao-de-itapetinga-sao-76-273-mil-habitantes-mil","status":"publish","type":"post","link":"https:\/\/www.sudoestehoje.com.br\/novoportal\/2019\/08\/28\/ibge-aponta-crescimento-da-populacao-de-itapetinga-sao-76-273-mil-habitantes-mil\/","title":{"rendered":"IBGE APONTA CRESCIMENTO DA POPULA\u00c7\u00c3O DE ITAPETINGA; S\u00c3O 76.273 MIL HABITANTES"},"content":{"rendered":"<p><a href=\"https:\/\/www.sudoestehoje.com.br\/novoportal\/wp-content\/uploads\/2019\/08\/gaz-16.jpg\"><img loading=\"lazy\" decoding=\"async\" class=\"aligncenter size-medium wp-image-81827\" src=\"https:\/\/www.sudoestehoje.com.br\/novoportal\/wp-content\/uploads\/2019\/08\/gaz-16-500x346.jpg\" alt=\"\" width=\"500\" height=\"346\" srcset=\"https:\/\/www.sudoestehoje.com.br\/novoportal\/wp-content\/uploads\/2019\/08\/gaz-16-500x346.jpg 500w, https:\/\/www.sudoestehoje.com.br\/novoportal\/wp-content\/uploads\/2019\/08\/gaz-16-768x531.jpg 768w, https:\/\/www.sudoestehoje.com.br\/novoportal\/wp-content\/uploads\/2019\/08\/gaz-16-700x484.jpg 700w, https:\/\/www.sudoestehoje.com.br\/novoportal\/wp-content\/uploads\/2019\/08\/gaz-16.jpg 960w\" sizes=\"auto, (max-width: 500px) 100vw, 500px\" \/><\/a><\/p>\n<p>O Instituto Brasileiro de Geografia e Estat\u00edstica (IBGE) publicou, nesta quarta-feira (28), no Di\u00e1rio Oficial da Uni\u00e3o, as estimativas de popula\u00e7\u00e3o dos 5.570 munic\u00edpios brasileiros.<\/p>\n<p>Os dados mostram que houve um aumento no n\u00famero moradores em Itapetinga, em rela\u00e7\u00e3o ao ano passado, quando eram 75. 470 habitantes. <strong>Agora, s\u00e3o 76.273 pessoas no munic\u00edpio<\/strong>, 803 a mais.<\/p>\n<p>As estimativas populacionais municipais s\u00e3o utilizadas pelo Tribunal de Contas da Uni\u00e3o para o c\u00e1lculo do Fundo de Participa\u00e7\u00e3o de Estados e Munic\u00edpios e s\u00e3o refer\u00eancia para v\u00e1rios indicadores sociais, econ\u00f4micos e demogr\u00e1ficos. <a href=\"https:\/\/pt.wikipedia.org\/wiki\/Lista_de_munic%C3%ADpios_da_Bahia_por_popula%C3%A7%C3%A3o_(2019)\">VEJA LISTA CIDADES DA BAHIA (2019)<\/a><\/p>\n<table class=\"wikitable sortable jquery-tablesorter\">\n<thead>\n<tr>\n<th class=\"headerSort\" tabindex=\"0\" title=\"Ordenar por ordem ascendente\" role=\"columnheader button\">Posi\u00e7\u00e3o<\/th>\n<th class=\"headerSort\" tabindex=\"0\" title=\"Ordenar por ordem ascendente\" role=\"columnheader button\">Munic\u00edpio<\/th>\n<th class=\"headerSort\" tabindex=\"0\" title=\"Ordenar por ordem ascendente\" role=\"columnheader button\">Popula\u00e7\u00e3o<\/th>\n<\/tr>\n<\/thead>\n<tbody>\n<tr>\n<td>1<\/td>\n<td><a title=\"Salvador\" href=\"https:\/\/pt.wikipedia.org\/wiki\/Salvador\">Salvador<\/a><\/td>\n<td>2\u00a0872\u00a0347<\/td>\n<\/tr>\n<tr>\n<td>2<\/td>\n<td><a title=\"Feira de Santana\" href=\"https:\/\/pt.wikipedia.org\/wiki\/Feira_de_Santana\">Feira de Santana<\/a><\/td>\n<td>614\u00a0872<\/td>\n<\/tr>\n<tr>\n<td>3<\/td>\n<td><a title=\"Vit\u00f3ria da Conquista\" href=\"https:\/\/pt.wikipedia.org\/wiki\/Vit%C3%B3ria_da_Conquista\">Vit\u00f3ria da Conquista<\/a><\/td>\n<td>341\u00a0597<\/td>\n<\/tr>\n<tr>\n<td>4<\/td>\n<td><a title=\"Cama\u00e7ari\" href=\"https:\/\/pt.wikipedia.org\/wiki\/Cama%C3%A7ari\">Cama\u00e7ari<\/a><\/td>\n<td>299\u00a0132<\/td>\n<\/tr>\n<tr>\n<td>5<\/td>\n<td><a title=\"Juazeiro (Bahia)\" href=\"https:\/\/pt.wikipedia.org\/wiki\/Juazeiro_(Bahia)\">Juazeiro<\/a><\/td>\n<td>216\u00a0707<\/td>\n<\/tr>\n<tr>\n<td>6<\/td>\n<td><a title=\"Itabuna\" href=\"https:\/\/pt.wikipedia.org\/wiki\/Itabuna\">Itabuna<\/a><\/td>\n<td>213\u00a0223<\/td>\n<\/tr>\n<tr>\n<td>7<\/td>\n<td><a title=\"Lauro de Freitas\" href=\"https:\/\/pt.wikipedia.org\/wiki\/Lauro_de_Freitas\">Lauro de Freitas<\/a><\/td>\n<td>198\u00a0440<\/td>\n<\/tr>\n<tr>\n<td>8<\/td>\n<td><a title=\"Ilh\u00e9us\" href=\"https:\/\/pt.wikipedia.org\/wiki\/Ilh%C3%A9us\">Ilh\u00e9us<\/a><\/td>\n<td>162\u00a0327<\/td>\n<\/tr>\n<tr>\n<td>9<\/td>\n<td><a title=\"Teixeira de Freitas\" href=\"https:\/\/pt.wikipedia.org\/wiki\/Teixeira_de_Freitas\">Teixeira de Freitas<\/a><\/td>\n<td>160\u00a0487<\/td>\n<\/tr>\n<tr>\n<td>10<\/td>\n<td><a title=\"Jequi\u00e9\" href=\"https:\/\/pt.wikipedia.org\/wiki\/Jequi%C3%A9\">Jequi\u00e9<\/a><\/td>\n<td>155\u00a0966<\/td>\n<\/tr>\n<tr>\n<td>11<\/td>\n<td><a title=\"Barreiras\" href=\"https:\/\/pt.wikipedia.org\/wiki\/Barreiras\">Barreiras<\/a><\/td>\n<td>155\u00a0439<\/td>\n<\/tr>\n<tr>\n<td>12<\/td>\n<td><a title=\"Alagoinhas\" href=\"https:\/\/pt.wikipedia.org\/wiki\/Alagoinhas\">Alagoinhas<\/a><\/td>\n<td>151\u00a0596<\/td>\n<\/tr>\n<tr>\n<td>13<\/td>\n<td><a title=\"Porto Seguro\" href=\"https:\/\/pt.wikipedia.org\/wiki\/Porto_Seguro\">Porto Seguro<\/a><\/td>\n<td>148\u00a0686<\/td>\n<\/tr>\n<tr>\n<td>14<\/td>\n<td><a title=\"Sim\u00f5es Filho\" href=\"https:\/\/pt.wikipedia.org\/wiki\/Sim%C3%B5es_Filho\">Sim\u00f5es Filho<\/a><\/td>\n<td>134\u00a0377<\/td>\n<\/tr>\n<tr>\n<td>15<\/td>\n<td><a title=\"Paulo Afonso\" href=\"https:\/\/pt.wikipedia.org\/wiki\/Paulo_Afonso\">Paulo Afonso<\/a><\/td>\n<td>117\u00a0782<\/td>\n<\/tr>\n<tr>\n<td>16<\/td>\n<td><a title=\"Eun\u00e1polis\" href=\"https:\/\/pt.wikipedia.org\/wiki\/Eun%C3%A1polis\">Eun\u00e1polis<\/a><\/td>\n<td>113\u00a0380<\/td>\n<\/tr>\n<tr>\n<td>17<\/td>\n<td><a title=\"Santo Ant\u00f4nio de Jesus\" href=\"https:\/\/pt.wikipedia.org\/wiki\/Santo_Ant%C3%B4nio_de_Jesus\">Santo Ant\u00f4nio de Jesus<\/a><\/td>\n<td>101\u00a0512<\/td>\n<\/tr>\n<tr>\n<td>18<\/td>\n<td><a title=\"Valen\u00e7a (Bahia)\" href=\"https:\/\/pt.wikipedia.org\/wiki\/Valen%C3%A7a_(Bahia)\">Valen\u00e7a<\/a><\/td>\n<td>96\u00a0562<\/td>\n<\/tr>\n<tr>\n<td>19<\/td>\n<td><a title=\"Lu\u00eds Eduardo Magalh\u00e3es (Bahia)\" href=\"https:\/\/pt.wikipedia.org\/wiki\/Lu%C3%ADs_Eduardo_Magalh%C3%A3es_(Bahia)\">Lu\u00eds Eduardo Magalh\u00e3es<\/a><\/td>\n<td>87\u00a0519<\/td>\n<\/tr>\n<tr>\n<td>20<\/td>\n<td><a title=\"Candeias (Bahia)\" href=\"https:\/\/pt.wikipedia.org\/wiki\/Candeias_(Bahia)\">Candeias<\/a><\/td>\n<td>87\u00a0076<\/td>\n<\/tr>\n<tr>\n<td>21<\/td>\n<td><a title=\"Guanambi\" href=\"https:\/\/pt.wikipedia.org\/wiki\/Guanambi\">Guanambi<\/a><\/td>\n<td>84\u00a0481<\/td>\n<\/tr>\n<tr>\n<td>22<\/td>\n<td><a title=\"Dias d'\u00c1vila\" href=\"https:\/\/pt.wikipedia.org\/wiki\/Dias_d%27%C3%81vila\">Dias d&#8217;\u00c1vila<\/a><\/td>\n<td>81\u00a0089<\/td>\n<\/tr>\n<tr>\n<td>23<\/td>\n<td><a title=\"Serrinha (Bahia)\" href=\"https:\/\/pt.wikipedia.org\/wiki\/Serrinha_(Bahia)\">Serrinha<\/a><\/td>\n<td>80\u00a0861<\/td>\n<\/tr>\n<tr>\n<td>24<\/td>\n<td><a title=\"Jacobina\" href=\"https:\/\/pt.wikipedia.org\/wiki\/Jacobina\">Jacobina<\/a><\/td>\n<td>80\u00a0518<\/td>\n<\/tr>\n<tr>\n<td>25<\/td>\n<td><a title=\"Senhor do Bonfim (Bahia)\" href=\"https:\/\/pt.wikipedia.org\/wiki\/Senhor_do_Bonfim_(Bahia)\">Senhor do Bonfim<\/a><\/td>\n<td>79\u00a0015<\/td>\n<\/tr>\n<tr>\n<td>26<\/td>\n<td><strong><a title=\"Itapetinga\" href=\"https:\/\/pt.wikipedia.org\/wiki\/Itapetinga\">Itapetinga<\/a><\/strong><\/td>\n<td>76\u00a0147<\/td>\n<\/tr>\n<tr>\n<td>27<\/td>\n<td><a title=\"Irec\u00ea\" href=\"https:\/\/pt.wikipedia.org\/wiki\/Irec%C3%AA\">Irec\u00ea<\/a><\/td>\n<td>72\u00a0967<\/td>\n<\/tr>\n<tr>\n<td>28<\/td>\n<td><a title=\"Casa Nova\" href=\"https:\/\/pt.wikipedia.org\/wiki\/Casa_Nova\">Casa Nova<\/a><\/td>\n<td>71\u00a0969<\/td>\n<\/tr>\n<tr>\n<td>29<\/td>\n<td><a title=\"Campo Formoso\" href=\"https:\/\/pt.wikipedia.org\/wiki\/Campo_Formoso\">Campo Formoso<\/a><\/td>\n<td>71\u00a0206<\/td>\n<\/tr>\n<tr>\n<td>30<\/td>\n<td><a title=\"Bom Jesus da Lapa\" href=\"https:\/\/pt.wikipedia.org\/wiki\/Bom_Jesus_da_Lapa\">Bom Jesus da Lapa<\/a><\/td>\n<td>69\u00a0148<\/td>\n<\/tr>\n<\/tbody>\n<\/table>\n<p>&nbsp;<\/p>\n","protected":false},"excerpt":{"rendered":"<p>O Instituto Brasileiro de Geografia e Estat\u00edstica (IBGE) publicou, nesta quarta-feira (28), no Di\u00e1rio Oficial da Uni\u00e3o, as estimativas de popula\u00e7\u00e3o dos 5.570 munic\u00edpios brasileiros. Os dados mostram que houve um aumento no n\u00famero moradores em Itapetinga, em rela\u00e7\u00e3o ao ano passado, quando eram 75. 470 habitantes. Agora, s\u00e3o 76.273 pessoas no munic\u00edpio, 803 a [&hellip;]<\/p>\n","protected":false},"author":2,"featured_media":81839,"comment_status":"open","ping_status":"open","sticky":false,"template":"","format":"standard","meta":{"footnotes":"","_links_to":"","_links_to_target":""},"categories":[1],"tags":[],"class_list":["post-81838","post","type-post","status-publish","format-standard","has-post-thumbnail","hentry","category-geral"],"views":1797,"_links":{"self":[{"href":"https:\/\/www.sudoestehoje.com.br\/novoportal\/wp-json\/wp\/v2\/posts\/81838","targetHints":{"allow":["GET"]}}],"collection":[{"href":"https:\/\/www.sudoestehoje.com.br\/novoportal\/wp-json\/wp\/v2\/posts"}],"about":[{"href":"https:\/\/www.sudoestehoje.com.br\/novoportal\/wp-json\/wp\/v2\/types\/post"}],"author":[{"embeddable":true,"href":"https:\/\/www.sudoestehoje.com.br\/novoportal\/wp-json\/wp\/v2\/users\/2"}],"replies":[{"embeddable":true,"href":"https:\/\/www.sudoestehoje.com.br\/novoportal\/wp-json\/wp\/v2\/comments?post=81838"}],"version-history":[{"count":8,"href":"https:\/\/www.sudoestehoje.com.br\/novoportal\/wp-json\/wp\/v2\/posts\/81838\/revisions"}],"predecessor-version":[{"id":81870,"href":"https:\/\/www.sudoestehoje.com.br\/novoportal\/wp-json\/wp\/v2\/posts\/81838\/revisions\/81870"}],"wp:featuredmedia":[{"embeddable":true,"href":"https:\/\/www.sudoestehoje.com.br\/novoportal\/wp-json\/wp\/v2\/media\/81839"}],"wp:attachment":[{"href":"https:\/\/www.sudoestehoje.com.br\/novoportal\/wp-json\/wp\/v2\/media?parent=81838"}],"wp:term":[{"taxonomy":"category","embeddable":true,"href":"https:\/\/www.sudoestehoje.com.br\/novoportal\/wp-json\/wp\/v2\/categories?post=81838"},{"taxonomy":"post_tag","embeddable":true,"href":"https:\/\/www.sudoestehoje.com.br\/novoportal\/wp-json\/wp\/v2\/tags?post=81838"}],"curies":[{"name":"wp","href":"https:\/\/api.w.org\/{rel}","templated":true}]}}