
{"id":81836,"date":"2019-08-29T00:46:20","date_gmt":"2019-08-29T03:46:20","guid":{"rendered":"https:\/\/www.sudoestehoje.com.br\/novoportal\/?p=81836"},"modified":"2019-08-29T07:58:22","modified_gmt":"2019-08-29T10:58:22","slug":"credibahia-de-itapetinga-participa-do-salao-do-empreendedorismo-em-itabuna","status":"publish","type":"post","link":"https:\/\/www.sudoestehoje.com.br\/novoportal\/2019\/08\/29\/credibahia-de-itapetinga-participa-do-salao-do-empreendedorismo-em-itabuna\/","title":{"rendered":"CREDIBAHIA DE ITAPETINGA PARTICIPA DO &#8216;SAL\u00c3O DO EMPREENDEDORISMO&#8217; EM ITABUNA"},"content":{"rendered":"<p><a href=\"https:\/\/www.sudoestehoje.com.br\/novoportal\/wp-content\/uploads\/2019\/08\/SAL\u00c3O-2.jpg\"><img loading=\"lazy\" decoding=\"async\" class=\"aligncenter size-medium wp-image-81855\" src=\"https:\/\/www.sudoestehoje.com.br\/novoportal\/wp-content\/uploads\/2019\/08\/SAL\u00c3O-2-500x375.jpg\" alt=\"\" width=\"500\" height=\"375\" srcset=\"https:\/\/www.sudoestehoje.com.br\/novoportal\/wp-content\/uploads\/2019\/08\/SAL\u00c3O-2-500x375.jpg 500w, https:\/\/www.sudoestehoje.com.br\/novoportal\/wp-content\/uploads\/2019\/08\/SAL\u00c3O-2-768x576.jpg 768w, https:\/\/www.sudoestehoje.com.br\/novoportal\/wp-content\/uploads\/2019\/08\/SAL\u00c3O-2-700x525.jpg 700w, https:\/\/www.sudoestehoje.com.br\/novoportal\/wp-content\/uploads\/2019\/08\/SAL\u00c3O-2.jpg 960w\" sizes=\"auto, (max-width: 500px) 100vw, 500px\" \/><\/a><\/p>\n<p>O I Sal\u00e3o de Empreendedorismo, realizado em Itabuna, reuniu cerca de 600 pessoas de diversos munic\u00edpios da regi\u00e3o, na ter\u00e7a-feira (27).\u00a0\u00a0Realizado pelo Governo do Estado, por meio das secretarias do Trabalho, Emprego, Renda e Esporte (SETRE) e de Ci\u00eancia, Tecnologia e Inova\u00e7\u00e3o (SECTI), o evento contou com debates, relatos de experi\u00eancias e servi\u00e7os oferecidos pelo poder p\u00fablico e institui\u00e7\u00f5es parceiras.<\/p>\n<p><a href=\"https:\/\/www.sudoestehoje.com.br\/novoportal\/wp-content\/uploads\/2019\/08\/SAL\u00c3O-4-1.jpg\"><img loading=\"lazy\" decoding=\"async\" class=\"aligncenter size-medium wp-image-81858\" src=\"https:\/\/www.sudoestehoje.com.br\/novoportal\/wp-content\/uploads\/2019\/08\/SAL\u00c3O-4-1-500x375.jpg\" alt=\"\" width=\"500\" height=\"375\" srcset=\"https:\/\/www.sudoestehoje.com.br\/novoportal\/wp-content\/uploads\/2019\/08\/SAL\u00c3O-4-1-500x375.jpg 500w, https:\/\/www.sudoestehoje.com.br\/novoportal\/wp-content\/uploads\/2019\/08\/SAL\u00c3O-4-1-768x576.jpg 768w, https:\/\/www.sudoestehoje.com.br\/novoportal\/wp-content\/uploads\/2019\/08\/SAL\u00c3O-4-1-700x525.jpg 700w, https:\/\/www.sudoestehoje.com.br\/novoportal\/wp-content\/uploads\/2019\/08\/SAL\u00c3O-4-1.jpg 960w\" sizes=\"auto, (max-width: 500px) 100vw, 500px\" \/><\/a><\/p>\n<p>O gestor da SETRE, Davidson Magalh\u00e3es, destacou que o intuito da iniciativa \u00e9 movimentar a economia regional. \u201cO Sal\u00e3o de Empreendedorismo surgiu da concep\u00e7\u00e3o de que \u00e9 preciso incentivar n\u00e3o s\u00f3 a gera\u00e7\u00e3o de empregos formais, mas tamb\u00e9m o empreendedorismo. A articula\u00e7\u00e3o de uma rede interinstitucional com a\u00e7\u00f5es estrat\u00e9gicas para desenvolver e acompanhar neg\u00f3cios \u00e9 fundamental nesse processo\u201d, ressaltou.<\/p>\n<p><a href=\"https:\/\/www.sudoestehoje.com.br\/novoportal\/wp-content\/uploads\/2019\/08\/SAL\u00c3O-5.jpg\"><img loading=\"lazy\" decoding=\"async\" class=\"aligncenter size-medium wp-image-81859\" src=\"https:\/\/www.sudoestehoje.com.br\/novoportal\/wp-content\/uploads\/2019\/08\/SAL\u00c3O-5-500x375.jpg\" alt=\"\" width=\"500\" height=\"375\" srcset=\"https:\/\/www.sudoestehoje.com.br\/novoportal\/wp-content\/uploads\/2019\/08\/SAL\u00c3O-5-500x375.jpg 500w, https:\/\/www.sudoestehoje.com.br\/novoportal\/wp-content\/uploads\/2019\/08\/SAL\u00c3O-5-768x576.jpg 768w, https:\/\/www.sudoestehoje.com.br\/novoportal\/wp-content\/uploads\/2019\/08\/SAL\u00c3O-5-700x525.jpg 700w, https:\/\/www.sudoestehoje.com.br\/novoportal\/wp-content\/uploads\/2019\/08\/SAL\u00c3O-5.jpg 960w\" sizes=\"auto, (max-width: 500px) 100vw, 500px\" \/><\/a><\/p>\n<p>Quatro empreendedores baianos \u2013 Rog\u00e9rio Salume (Wine), M\u00f4nica Burgos (Avatim), Leilane Benevides (Benevides Chocolates Finos) e Maria Helena Guimar\u00e3es (Associa\u00e7\u00e3o S\u00f3 Cacau) \u2013 compartilharam suas trajet\u00f3rias de sucesso em uma dos pain\u00e9is do evento. A \u00e1rea de Tecnologia da Informa\u00e7\u00e3o tamb\u00e9m foi tema de uma mesa de di\u00e1logo, com a participa\u00e7\u00e3o de jovens empreendedores. O evento promoveu, ainda, cadastro de trabalhadores, emiss\u00e3o de RG e de Carteira de Trabalho e Previd\u00eancia Social (CTPS) e oficina de orienta\u00e7\u00e3o para o trabalho.<\/p>\n<p><a href=\"https:\/\/www.sudoestehoje.com.br\/novoportal\/wp-content\/uploads\/2019\/08\/SAL\u00c3O-3.jpg\"><img loading=\"lazy\" decoding=\"async\" class=\"aligncenter size-medium wp-image-81856\" src=\"https:\/\/www.sudoestehoje.com.br\/novoportal\/wp-content\/uploads\/2019\/08\/SAL\u00c3O-3-500x375.jpg\" alt=\"\" width=\"500\" height=\"375\" srcset=\"https:\/\/www.sudoestehoje.com.br\/novoportal\/wp-content\/uploads\/2019\/08\/SAL\u00c3O-3-500x375.jpg 500w, https:\/\/www.sudoestehoje.com.br\/novoportal\/wp-content\/uploads\/2019\/08\/SAL\u00c3O-3-768x576.jpg 768w, https:\/\/www.sudoestehoje.com.br\/novoportal\/wp-content\/uploads\/2019\/08\/SAL\u00c3O-3-700x525.jpg 700w, https:\/\/www.sudoestehoje.com.br\/novoportal\/wp-content\/uploads\/2019\/08\/SAL\u00c3O-3.jpg 960w\" sizes=\"auto, (max-width: 500px) 100vw, 500px\" \/><\/a><\/p>\n<p>Com o objetivo de impulsionar as diversas modalidades de empreendedorismo, o encontro apresentou, tamb\u00e9m, uma s\u00e9rie de servi\u00e7os, entre os quais o CrediBahia, os Centros P\u00fablicos de Economia Solid\u00e1ria (CESOL), o Qualifica Bahia, o Contrate.BA e a Rede SineBahia.<\/p>\n<p><a href=\"https:\/\/www.sudoestehoje.com.br\/novoportal\/wp-content\/uploads\/2019\/08\/SAL\u00c3O-7.jpg\"><img loading=\"lazy\" decoding=\"async\" class=\"aligncenter size-medium wp-image-81861\" src=\"https:\/\/www.sudoestehoje.com.br\/novoportal\/wp-content\/uploads\/2019\/08\/SAL\u00c3O-7-500x375.jpg\" alt=\"\" width=\"500\" height=\"375\" srcset=\"https:\/\/www.sudoestehoje.com.br\/novoportal\/wp-content\/uploads\/2019\/08\/SAL\u00c3O-7-500x375.jpg 500w, https:\/\/www.sudoestehoje.com.br\/novoportal\/wp-content\/uploads\/2019\/08\/SAL\u00c3O-7-768x576.jpg 768w, https:\/\/www.sudoestehoje.com.br\/novoportal\/wp-content\/uploads\/2019\/08\/SAL\u00c3O-7-700x525.jpg 700w, https:\/\/www.sudoestehoje.com.br\/novoportal\/wp-content\/uploads\/2019\/08\/SAL\u00c3O-7.jpg 960w\" sizes=\"auto, (max-width: 500px) 100vw, 500px\" \/><\/a><\/p>\n<p>O Sal\u00e3o de Empreendedorismo contou com a parceria da Associa\u00e7\u00e3o dos Munic\u00edpios do Sul, Extremo Sul e Sudoeste da Bahia (AMURC); do Banco do Nordeste; da Federa\u00e7\u00e3o das C\u00e2maras de Dirigentes Lojistas do Estado da Bahia (FCDL-BA); do Servi\u00e7o Brasileiro de Apoio \u00e0s Micro e Pequenas Empresas (SEBRAE); da Companhia de G\u00e1s da Bahia (Bahiag\u00e1s) e da Ag\u00eancia de Fomento do Estado da Bahia (Desenbahia).<\/p>\n<p><a href=\"https:\/\/www.sudoestehoje.com.br\/novoportal\/wp-content\/uploads\/2019\/08\/sal\u00e3o-8.jpg\"><img loading=\"lazy\" decoding=\"async\" class=\"aligncenter size-medium wp-image-81863\" src=\"https:\/\/www.sudoestehoje.com.br\/novoportal\/wp-content\/uploads\/2019\/08\/sal\u00e3o-8-500x300.jpg\" alt=\"\" width=\"500\" height=\"300\" srcset=\"https:\/\/www.sudoestehoje.com.br\/novoportal\/wp-content\/uploads\/2019\/08\/sal\u00e3o-8-500x300.jpg 500w, https:\/\/www.sudoestehoje.com.br\/novoportal\/wp-content\/uploads\/2019\/08\/sal\u00e3o-8-768x461.jpg 768w, https:\/\/www.sudoestehoje.com.br\/novoportal\/wp-content\/uploads\/2019\/08\/sal\u00e3o-8-700x420.jpg 700w, https:\/\/www.sudoestehoje.com.br\/novoportal\/wp-content\/uploads\/2019\/08\/sal\u00e3o-8.jpg 960w\" sizes=\"auto, (max-width: 500px) 100vw, 500px\" \/><\/a><\/p>\n<p>Itapetinga foi representada no\u00a0 evento pelo Secret\u00e1rio Municipal de Planejamento, Airton Ferraz, e a Agente de Cr\u00e9dito Patr\u00edcia Ferrari. Representada pela sua filha Tha\u00eds, a itapetinguense Tatiana Ferreira foi escolhida &#8216;Empreendedora Destaque&#8217; da regi\u00e3o Sudoeste. O <em>Sudoeste Hoje<\/em> cobriu o evento. <span style=\"color: #0000ff;\"><strong><em>CONFIRA MAIS FOTOS:<\/em><\/strong><\/span><\/p>\n<p><a data-flickr-embed='true' href='https:\/\/www.flickr.com\/photos\/setrebahia\/albums\/72157710588428271' title='28.08.2019 - Sal\u00e3o de Empreendedorismo - Itabuna by Setre Bahia, on Flickr'><img src='https:\/\/live.staticflickr.com\/65535\/48637873182_d4e1d86534.jpg' width='800' height='600' alt='_MG_1068'><\/a><script async src='https:\/\/embedr.flickr.com\/assets\/client-code.js' charset='utf-8'><\/script><\/p>\n<p><strong><em>Informa\u00e7\u00f5es Ascom\/Setre\u00a0<\/em><\/strong><\/p>\n","protected":false},"excerpt":{"rendered":"<p>O I Sal\u00e3o de Empreendedorismo, realizado em Itabuna, reuniu cerca de 600 pessoas de diversos munic\u00edpios da regi\u00e3o, na ter\u00e7a-feira (27).\u00a0\u00a0Realizado pelo Governo do Estado, por meio das secretarias do Trabalho, Emprego, Renda e Esporte (SETRE) e de Ci\u00eancia, Tecnologia e Inova\u00e7\u00e3o (SECTI), o evento contou com debates, relatos de experi\u00eancias e servi\u00e7os oferecidos pelo [&hellip;]<\/p>\n","protected":false},"author":2,"featured_media":81855,"comment_status":"open","ping_status":"open","sticky":false,"template":"","format":"standard","meta":{"footnotes":"","_links_to":"","_links_to_target":""},"categories":[1],"tags":[],"class_list":["post-81836","post","type-post","status-publish","format-standard","has-post-thumbnail","hentry","category-geral"],"views":956,"_links":{"self":[{"href":"https:\/\/www.sudoestehoje.com.br\/novoportal\/wp-json\/wp\/v2\/posts\/81836","targetHints":{"allow":["GET"]}}],"collection":[{"href":"https:\/\/www.sudoestehoje.com.br\/novoportal\/wp-json\/wp\/v2\/posts"}],"about":[{"href":"https:\/\/www.sudoestehoje.com.br\/novoportal\/wp-json\/wp\/v2\/types\/post"}],"author":[{"embeddable":true,"href":"https:\/\/www.sudoestehoje.com.br\/novoportal\/wp-json\/wp\/v2\/users\/2"}],"replies":[{"embeddable":true,"href":"https:\/\/www.sudoestehoje.com.br\/novoportal\/wp-json\/wp\/v2\/comments?post=81836"}],"version-history":[{"count":9,"href":"https:\/\/www.sudoestehoje.com.br\/novoportal\/wp-json\/wp\/v2\/posts\/81836\/revisions"}],"predecessor-version":[{"id":81880,"href":"https:\/\/www.sudoestehoje.com.br\/novoportal\/wp-json\/wp\/v2\/posts\/81836\/revisions\/81880"}],"wp:featuredmedia":[{"embeddable":true,"href":"https:\/\/www.sudoestehoje.com.br\/novoportal\/wp-json\/wp\/v2\/media\/81855"}],"wp:attachment":[{"href":"https:\/\/www.sudoestehoje.com.br\/novoportal\/wp-json\/wp\/v2\/media?parent=81836"}],"wp:term":[{"taxonomy":"category","embeddable":true,"href":"https:\/\/www.sudoestehoje.com.br\/novoportal\/wp-json\/wp\/v2\/categories?post=81836"},{"taxonomy":"post_tag","embeddable":true,"href":"https:\/\/www.sudoestehoje.com.br\/novoportal\/wp-json\/wp\/v2\/tags?post=81836"}],"curies":[{"name":"wp","href":"https:\/\/api.w.org\/{rel}","templated":true}]}}