
{"id":81806,"date":"2019-08-28T12:02:33","date_gmt":"2019-08-28T15:02:33","guid":{"rendered":"https:\/\/www.sudoestehoje.com.br\/novoportal\/?p=81806"},"modified":"2019-08-28T12:02:33","modified_gmt":"2019-08-28T15:02:33","slug":"itapetinga-contas-do-ex-prefeito-ze-carlos-serao-apreciadas-pela-camara-ate-dezembro","status":"publish","type":"post","link":"https:\/\/www.sudoestehoje.com.br\/novoportal\/2019\/08\/28\/itapetinga-contas-do-ex-prefeito-ze-carlos-serao-apreciadas-pela-camara-ate-dezembro\/","title":{"rendered":"ITAPETINGA: CONTAS DO EX-PREFEITO Z\u00c9 CARLOS SER\u00c3O APRECIADAS PELA C\u00c2MARA AT\u00c9 DEZEMBRO"},"content":{"rendered":"<p><a href=\"https:\/\/www.sudoestehoje.com.br\/novoportal\/wp-content\/uploads\/2019\/08\/Z-C-500x334.jpg\"><img loading=\"lazy\" decoding=\"async\" class=\"aligncenter size-medium wp-image-81807\" src=\"https:\/\/www.sudoestehoje.com.br\/novoportal\/wp-content\/uploads\/2019\/08\/Z-C-500x334-500x334.jpg\" alt=\"\" width=\"500\" height=\"334\" \/><\/a><\/p>\n<p class=\"has-drop-cap\">Com cinco (5) contas rejeitadas pelo Tribunal de Contas dos Munic\u00edpios (TCM), o ex-prefeito\u00a0Jos\u00e9 Carlos Moura (PT) poder\u00e1 se tornar ineleg\u00edvel por 8 anos, caso a C\u00e2mara de Vereadores confirme os pareceres do TCM que opinaram pela reprova\u00e7\u00e3o das suas contas relativas aos exerc\u00edcios de\u00a0<strong>2011, 2013, 2014, 2015 e 2016, <\/strong>o que o impedir\u00e1 de se candidatar a cargo p\u00fablico no pleito de 2020.<\/p>\n<p>Para derrubar os pareceres pr\u00e9vios do TCM que recomendaram a reprova\u00e7\u00e3o das suas contas em cinco exerc\u00edcios, o ex-prefeito<em> Z\u00e9 Carlos vai precisar do apoio de pelo menos 10 vereadores (2\/3),<\/em> tarefa praticamente imposs\u00edvel, uma vez que ele n\u00e3o conta hoje com um s\u00f3 vereador que no legislativo municipal.<\/p>\n<p>Por absoluta falta de op\u00e7\u00f5es, o PT de Itapetinga ainda cogita lan\u00e7ar Z\u00e9 Carlos como candidato a prefeito, mesmo sabendo das restri\u00e7\u00f5es que recaem sobre ele.<\/p>\n<p><strong><em>Por Davi Ferraz<\/em><\/strong><\/p>\n","protected":false},"excerpt":{"rendered":"<p>Com cinco (5) contas rejeitadas pelo Tribunal de Contas dos Munic\u00edpios (TCM), o ex-prefeito\u00a0Jos\u00e9 Carlos Moura (PT) poder\u00e1 se tornar ineleg\u00edvel por 8 anos, caso a C\u00e2mara de Vereadores confirme os pareceres do TCM que opinaram pela reprova\u00e7\u00e3o das suas contas relativas aos exerc\u00edcios de\u00a02011, 2013, 2014, 2015 e 2016, o que o impedir\u00e1 de [&hellip;]<\/p>\n","protected":false},"author":2,"featured_media":81807,"comment_status":"open","ping_status":"open","sticky":false,"template":"","format":"standard","meta":{"footnotes":"","_links_to":"","_links_to_target":""},"categories":[1],"tags":[],"class_list":["post-81806","post","type-post","status-publish","format-standard","has-post-thumbnail","hentry","category-geral"],"views":713,"_links":{"self":[{"href":"https:\/\/www.sudoestehoje.com.br\/novoportal\/wp-json\/wp\/v2\/posts\/81806","targetHints":{"allow":["GET"]}}],"collection":[{"href":"https:\/\/www.sudoestehoje.com.br\/novoportal\/wp-json\/wp\/v2\/posts"}],"about":[{"href":"https:\/\/www.sudoestehoje.com.br\/novoportal\/wp-json\/wp\/v2\/types\/post"}],"author":[{"embeddable":true,"href":"https:\/\/www.sudoestehoje.com.br\/novoportal\/wp-json\/wp\/v2\/users\/2"}],"replies":[{"embeddable":true,"href":"https:\/\/www.sudoestehoje.com.br\/novoportal\/wp-json\/wp\/v2\/comments?post=81806"}],"version-history":[{"count":2,"href":"https:\/\/www.sudoestehoje.com.br\/novoportal\/wp-json\/wp\/v2\/posts\/81806\/revisions"}],"predecessor-version":[{"id":81809,"href":"https:\/\/www.sudoestehoje.com.br\/novoportal\/wp-json\/wp\/v2\/posts\/81806\/revisions\/81809"}],"wp:featuredmedia":[{"embeddable":true,"href":"https:\/\/www.sudoestehoje.com.br\/novoportal\/wp-json\/wp\/v2\/media\/81807"}],"wp:attachment":[{"href":"https:\/\/www.sudoestehoje.com.br\/novoportal\/wp-json\/wp\/v2\/media?parent=81806"}],"wp:term":[{"taxonomy":"category","embeddable":true,"href":"https:\/\/www.sudoestehoje.com.br\/novoportal\/wp-json\/wp\/v2\/categories?post=81806"},{"taxonomy":"post_tag","embeddable":true,"href":"https:\/\/www.sudoestehoje.com.br\/novoportal\/wp-json\/wp\/v2\/tags?post=81806"}],"curies":[{"name":"wp","href":"https:\/\/api.w.org\/{rel}","templated":true}]}}