
{"id":81799,"date":"2019-08-27T20:55:20","date_gmt":"2019-08-27T23:55:20","guid":{"rendered":"https:\/\/www.sudoestehoje.com.br\/novoportal\/?p=81799"},"modified":"2019-08-27T20:55:53","modified_gmt":"2019-08-27T23:55:53","slug":"estudo-do-centro-de-pesquisa-da-fundacao-jose-silveira-indica-que-tabagismo-duplica-risco-de-fracasso-no-compate-a-tuberculose","status":"publish","type":"post","link":"https:\/\/www.sudoestehoje.com.br\/novoportal\/2019\/08\/27\/estudo-do-centro-de-pesquisa-da-fundacao-jose-silveira-indica-que-tabagismo-duplica-risco-de-fracasso-no-compate-a-tuberculose\/","title":{"rendered":"ESTUDO DO CENTRO DE PESQUISA DA FUNDA\u00c7\u00c3O JOS\u00c9 SILVEIRA INDICA QUE TABAGISMO DUPLICA RISCO DE FRACASSO NO COMPATE \u00c0 TUBERCULOSE"},"content":{"rendered":"<p class=\"yiv1002069849MsoNormal\" style=\"text-align: left;\" align=\"center\"><a href=\"https:\/\/www.sudoestehoje.com.br\/novoportal\/wp-content\/uploads\/2019\/08\/Fachada-IBIT.jpg\"><img loading=\"lazy\" decoding=\"async\" class=\"aligncenter size-medium wp-image-81800\" src=\"https:\/\/www.sudoestehoje.com.br\/novoportal\/wp-content\/uploads\/2019\/08\/Fachada-IBIT-500x375.jpg\" alt=\"\" width=\"500\" height=\"375\" srcset=\"https:\/\/www.sudoestehoje.com.br\/novoportal\/wp-content\/uploads\/2019\/08\/Fachada-IBIT-500x375.jpg 500w, https:\/\/www.sudoestehoje.com.br\/novoportal\/wp-content\/uploads\/2019\/08\/Fachada-IBIT-768x576.jpg 768w, https:\/\/www.sudoestehoje.com.br\/novoportal\/wp-content\/uploads\/2019\/08\/Fachada-IBIT-700x525.jpg 700w, https:\/\/www.sudoestehoje.com.br\/novoportal\/wp-content\/uploads\/2019\/08\/Fachada-IBIT.jpg 1600w\" sizes=\"auto, (max-width: 500px) 100vw, 500px\" \/><\/a><\/p>\n<p class=\"yiv1002069849MsoNormal\" style=\"text-align: left;\" align=\"center\">O<span lang=\"PT\">\u00a0tabagismo causa 6 milh\u00f5es de mortes no mundo a cada ano e \u00e9 um fator de risco para doen\u00e7as de alta mortalidade, como a tuberculose pulmonar. Fumantes t\u00eam\u00a0uma probabilidade 20% maior de desenvolver tuberculose (TB), condi\u00e7\u00e3o que contribui para o surgimento de uma m\u00e9dia anual de 450 mil casos e um milh\u00e3o de \u00f3bitos por ano. Os dados fazem parte de um estudo desenvolvido no Centro de Pesquisa e Ensino da Funda\u00e7\u00e3o Jos\u00e9 Silveira, com a conclus\u00e3o de que\u00a0<\/span>pacientes com antecedentes de tabagismo t\u00eam 2,1 vezes mais chance de fracasso no tratamento da tuberculose. A passagem do Dia Nacional de Combate ao Fumo nessa\u00a0<span id=\"yiv1002069849OBJ_PREFIX_DWT84_com_zimbra_date\" class=\"yiv1002069849Object\">quinta<\/span>-feira (29) reafirma a import\u00e2ncia de alertar sobre os efeitos nocivos desse h\u00e1bito.<\/p>\n<p class=\"yiv1002069849MsoNormal\">O professor Jos\u00e9 Silveira atuou como uma das principais lideran\u00e7as nacionais na luta contra o tabagismo, desenvolvendo campanhas e medidas de apoio para cessar o h\u00e1bito de fumar. Essa iniciativa implementada h\u00e1 d\u00e9cadas na Funda\u00e7\u00e3o Jos\u00e9 Silveira \u00e9 um dos pontos destacados pela Organiza\u00e7\u00e3o Mundial de Sa\u00fade (OMS) no Relat\u00f3rio sobre a Epidemia Global do Tabaco 2019. O Relat\u00f3rio enfatiza a import\u00e2ncia de medidas adotadas em pa\u00edses como o Brasil para menor preval\u00eancia de fumantes e doen\u00e7as associadas ao fumo.<\/p>\n<p class=\"yiv1002069849MsoNormal\"><b>Sequelas e danos<\/b><\/p>\n<p class=\"yiv1002069849MsoNormal\">Refor\u00e7ando o combate ao tabagismo, o estudo do Centro de Pesquisa da FJS analisou a associa\u00e7\u00e3o do consumo de tabaco com a falha no tratamento da tuberculose pulmonar. Foram estudados pacientes atendidos no IBIT, unidade cem por cento SUS da Funda\u00e7\u00e3o Jos\u00e9 Silveira considerada refer\u00eancia nacional no tratamento da doen\u00e7a, comparando os que fumaram e os que n\u00e3o tinham esse h\u00e1bito. \u201cA an\u00e1lise demonstrou que o\u00a0<span lang=\"PT\">tabagismo tamb\u00e9m est\u00e1 relacionado a formas graves em termos de sequelas e resultados negativos durante o tratamento antituberculose, como reca\u00edda e morte\u201d\u00a0<\/span>relata um dos pesquisadores envolvidos nesse trabalho e integrante da equipe da FJS, Dr.\u00a0Eduardo\u00a0Martins Netto.<span lang=\"PT\">\u00a0<\/span><\/p>\n<p class=\"yiv1002069849MsoNormal\"><span lang=\"PT\">A pesquisa aponta a necessidade de\u00a0<\/span>estrat\u00e9gias que promovam a diminui\u00e7\u00e3o do consumo de fumo e maior cuidado dos pacientes em faixas et\u00e1rias mais avan\u00e7adas.\u00a0<span lang=\"PT\">Os dados coletados tamb\u00e9m indicaram que a idade influencia na cura da doen\u00e7a:\u00a0<\/span>indiv\u00edduos com mais de 50 anos de idade tiveram uma possibilidade de\u00a0fracasso 2,8<b>\u00a0<\/b>vezes\u00a0maior.<\/p>\n<p class=\"yiv1002069849MsoNormal\"><span lang=\"PT\">\u201cExistem poucos estudos voltados para esse tipo de resultado negativo, quando chegamos a conclus\u00e3o de que o tabagismo duplica o risco de insucesso no tratamento da tuberculose pulmonar\u201d, diz Dr.\u00a0<\/span>Eduardo<span lang=\"PT\">\u00a0O resultado dessa investiga\u00e7\u00e3o cient\u00edfica, realizada por Dr.\u00a0<\/span>Eduardo<span lang=\"PT\">, junto com os pesquisadores\u00a0<\/span>Juan Pablo Aguilar, Mar\u00eda Arriaga e Monica Ninet Rodas, foi apresentado em artigo cient\u00edfico publicado na \u00faltima edi\u00e7\u00e3o do Jornal da Sociedade Brasileira de Pneumologia e Tisiologia. <em>\/\/Ascom FJS<\/em><\/p>\n","protected":false},"excerpt":{"rendered":"<p>O\u00a0tabagismo causa 6 milh\u00f5es de mortes no mundo a cada ano e \u00e9 um fator de risco para doen\u00e7as de alta mortalidade, como a tuberculose pulmonar. Fumantes t\u00eam\u00a0uma probabilidade 20% maior de desenvolver tuberculose (TB), condi\u00e7\u00e3o que contribui para o surgimento de uma m\u00e9dia anual de 450 mil casos e um milh\u00e3o de \u00f3bitos por [&hellip;]<\/p>\n","protected":false},"author":2,"featured_media":81800,"comment_status":"open","ping_status":"open","sticky":false,"template":"","format":"standard","meta":{"footnotes":"","_links_to":"","_links_to_target":""},"categories":[1],"tags":[],"class_list":["post-81799","post","type-post","status-publish","format-standard","has-post-thumbnail","hentry","category-geral"],"views":792,"_links":{"self":[{"href":"https:\/\/www.sudoestehoje.com.br\/novoportal\/wp-json\/wp\/v2\/posts\/81799","targetHints":{"allow":["GET"]}}],"collection":[{"href":"https:\/\/www.sudoestehoje.com.br\/novoportal\/wp-json\/wp\/v2\/posts"}],"about":[{"href":"https:\/\/www.sudoestehoje.com.br\/novoportal\/wp-json\/wp\/v2\/types\/post"}],"author":[{"embeddable":true,"href":"https:\/\/www.sudoestehoje.com.br\/novoportal\/wp-json\/wp\/v2\/users\/2"}],"replies":[{"embeddable":true,"href":"https:\/\/www.sudoestehoje.com.br\/novoportal\/wp-json\/wp\/v2\/comments?post=81799"}],"version-history":[{"count":2,"href":"https:\/\/www.sudoestehoje.com.br\/novoportal\/wp-json\/wp\/v2\/posts\/81799\/revisions"}],"predecessor-version":[{"id":81802,"href":"https:\/\/www.sudoestehoje.com.br\/novoportal\/wp-json\/wp\/v2\/posts\/81799\/revisions\/81802"}],"wp:featuredmedia":[{"embeddable":true,"href":"https:\/\/www.sudoestehoje.com.br\/novoportal\/wp-json\/wp\/v2\/media\/81800"}],"wp:attachment":[{"href":"https:\/\/www.sudoestehoje.com.br\/novoportal\/wp-json\/wp\/v2\/media?parent=81799"}],"wp:term":[{"taxonomy":"category","embeddable":true,"href":"https:\/\/www.sudoestehoje.com.br\/novoportal\/wp-json\/wp\/v2\/categories?post=81799"},{"taxonomy":"post_tag","embeddable":true,"href":"https:\/\/www.sudoestehoje.com.br\/novoportal\/wp-json\/wp\/v2\/tags?post=81799"}],"curies":[{"name":"wp","href":"https:\/\/api.w.org\/{rel}","templated":true}]}}