
{"id":81796,"date":"2019-08-27T20:46:47","date_gmt":"2019-08-27T23:46:47","guid":{"rendered":"https:\/\/www.sudoestehoje.com.br\/novoportal\/?p=81796"},"modified":"2019-08-27T20:46:47","modified_gmt":"2019-08-27T23:46:47","slug":"cantor-de-conquista-morre-apos-cair-de-varanda-enquanto-tocava-violao","status":"publish","type":"post","link":"https:\/\/www.sudoestehoje.com.br\/novoportal\/2019\/08\/27\/cantor-de-conquista-morre-apos-cair-de-varanda-enquanto-tocava-violao\/","title":{"rendered":"CANTOR DE CONQUISTA MORRE AP\u00d3S CAIR DE VARANDA ENQUANTO TOCAVA VIOL\u00c3O"},"content":{"rendered":"<div class=\"mc-column content-text active-extra-styles \" data-block-type=\"unstyled\" data-block-weight=\"34\" data-block-id=\"2\">\n<p data-track-category=\"Link no Texto\" data-track-links=\"\"><a href=\"https:\/\/www.sudoestehoje.com.br\/novoportal\/wp-content\/uploads\/2019\/08\/EDILSON-DHIO.jpg\"><img loading=\"lazy\" decoding=\"async\" class=\"aligncenter size-full wp-image-81797\" src=\"https:\/\/www.sudoestehoje.com.br\/novoportal\/wp-content\/uploads\/2019\/08\/EDILSON-DHIO.jpg\" alt=\"\" width=\"480\" height=\"360\" \/><\/a><\/p>\n<p class=\"content-text__container \" data-track-category=\"Link no Texto\" data-track-links=\"\">Um cantor e compositor morreu ap\u00f3s cair da varanda da casa onde morava, na cidade de Lauro de Freitas, regi\u00e3o metropolitana de Salvador, enquanto tocava viol\u00e3o. Ele despencou de uma altura de quatro metros.<\/p>\n<\/div>\n<div class=\"wall protected-content\">\n<div class=\"mc-column content-text active-extra-styles \" data-block-type=\"unstyled\" data-block-weight=\"28\" data-block-id=\"3\">\n<p class=\"content-text__container \" data-track-category=\"Link no Texto\" data-track-links=\"\">Edilson Dhio \u00e9 natural da cidade de Vit\u00f3ria da Conquista, no sudoeste da Bahia. Ele morreu na segunda-feira (26), ap\u00f3s a queda que foi no domingo (25).<\/p>\n<\/div>\n<div class=\"mc-column content-text active-extra-styles \" data-block-type=\"unstyled\" data-block-weight=\"35\" data-block-id=\"4\">\n<p class=\"content-text__container \" data-track-category=\"Link no Texto\" data-track-links=\"\">Depois de cair, Edilson chegou a ser socorrido e levado para um hospital da regi\u00e3o, onde foi medicado e liberado. J\u00e1 no domingo, ele passou mal e foi levado novamente para a unidade de sa\u00fade.<\/p>\n<\/div>\n<div class=\"mc-column content-text active-extra-styles \" data-block-type=\"unstyled\" data-block-weight=\"43\" data-block-id=\"5\">\n<p class=\"content-text__container \" data-track-category=\"Link no Texto\" data-track-links=\"\">No hospital, ele foi internado em uma Unidade de Tratamento Intensivo (UTI), onde foi descoberto que Edilson teve um derrame e traumatismo. Ele morreu durante a noite Ele foi enterrado na tarde desta ter\u00e7a-feira (27), no Cemit\u00e9rio Jardim da Saudade, em Salvador.<\/p>\n<\/div>\n<\/div>\n","protected":false},"excerpt":{"rendered":"<p>Um cantor e compositor morreu ap\u00f3s cair da varanda da casa onde morava, na cidade de Lauro de Freitas, regi\u00e3o metropolitana de Salvador, enquanto tocava viol\u00e3o. Ele despencou de uma altura de quatro metros. Edilson Dhio \u00e9 natural da cidade de Vit\u00f3ria da Conquista, no sudoeste da Bahia. Ele morreu na segunda-feira (26), ap\u00f3s a [&hellip;]<\/p>\n","protected":false},"author":2,"featured_media":81797,"comment_status":"open","ping_status":"open","sticky":false,"template":"","format":"standard","meta":{"footnotes":"","_links_to":"","_links_to_target":""},"categories":[1],"tags":[],"class_list":["post-81796","post","type-post","status-publish","format-standard","has-post-thumbnail","hentry","category-geral"],"views":815,"_links":{"self":[{"href":"https:\/\/www.sudoestehoje.com.br\/novoportal\/wp-json\/wp\/v2\/posts\/81796","targetHints":{"allow":["GET"]}}],"collection":[{"href":"https:\/\/www.sudoestehoje.com.br\/novoportal\/wp-json\/wp\/v2\/posts"}],"about":[{"href":"https:\/\/www.sudoestehoje.com.br\/novoportal\/wp-json\/wp\/v2\/types\/post"}],"author":[{"embeddable":true,"href":"https:\/\/www.sudoestehoje.com.br\/novoportal\/wp-json\/wp\/v2\/users\/2"}],"replies":[{"embeddable":true,"href":"https:\/\/www.sudoestehoje.com.br\/novoportal\/wp-json\/wp\/v2\/comments?post=81796"}],"version-history":[{"count":1,"href":"https:\/\/www.sudoestehoje.com.br\/novoportal\/wp-json\/wp\/v2\/posts\/81796\/revisions"}],"predecessor-version":[{"id":81798,"href":"https:\/\/www.sudoestehoje.com.br\/novoportal\/wp-json\/wp\/v2\/posts\/81796\/revisions\/81798"}],"wp:featuredmedia":[{"embeddable":true,"href":"https:\/\/www.sudoestehoje.com.br\/novoportal\/wp-json\/wp\/v2\/media\/81797"}],"wp:attachment":[{"href":"https:\/\/www.sudoestehoje.com.br\/novoportal\/wp-json\/wp\/v2\/media?parent=81796"}],"wp:term":[{"taxonomy":"category","embeddable":true,"href":"https:\/\/www.sudoestehoje.com.br\/novoportal\/wp-json\/wp\/v2\/categories?post=81796"},{"taxonomy":"post_tag","embeddable":true,"href":"https:\/\/www.sudoestehoje.com.br\/novoportal\/wp-json\/wp\/v2\/tags?post=81796"}],"curies":[{"name":"wp","href":"https:\/\/api.w.org\/{rel}","templated":true}]}}