
{"id":81790,"date":"2019-08-26T18:31:12","date_gmt":"2019-08-26T21:31:12","guid":{"rendered":"https:\/\/www.sudoestehoje.com.br\/novoportal\/?p=81790"},"modified":"2019-08-26T18:31:12","modified_gmt":"2019-08-26T21:31:12","slug":"itapetinga-sessao-itinerante-da-camara-em-palmares-sera-nesta-quinta","status":"publish","type":"post","link":"https:\/\/www.sudoestehoje.com.br\/novoportal\/2019\/08\/26\/itapetinga-sessao-itinerante-da-camara-em-palmares-sera-nesta-quinta\/","title":{"rendered":"ITAPETINGA: SESS\u00c3O ITINERANTE DA C\u00c2MARA EM PALMARES SER\u00c1 NESTA QUINTA"},"content":{"rendered":"<p><strong><a href=\"https:\/\/www.sudoestehoje.com.br\/novoportal\/wp-content\/uploads\/2019\/08\/DIPLOMA\u00c7\u00c3O-ITAPETINGA-12.jpg\"><img loading=\"lazy\" decoding=\"async\" class=\"aligncenter size-medium wp-image-81791\" src=\"https:\/\/www.sudoestehoje.com.br\/novoportal\/wp-content\/uploads\/2019\/08\/DIPLOMA\u00c7\u00c3O-ITAPETINGA-12-500x333.jpg\" alt=\"\" width=\"500\" height=\"333\" srcset=\"https:\/\/www.sudoestehoje.com.br\/novoportal\/wp-content\/uploads\/2019\/08\/DIPLOMA\u00c7\u00c3O-ITAPETINGA-12-500x333.jpg 500w, https:\/\/www.sudoestehoje.com.br\/novoportal\/wp-content\/uploads\/2019\/08\/DIPLOMA\u00c7\u00c3O-ITAPETINGA-12-768x512.jpg 768w, https:\/\/www.sudoestehoje.com.br\/novoportal\/wp-content\/uploads\/2019\/08\/DIPLOMA\u00c7\u00c3O-ITAPETINGA-12-700x466.jpg 700w, https:\/\/www.sudoestehoje.com.br\/novoportal\/wp-content\/uploads\/2019\/08\/DIPLOMA\u00c7\u00c3O-ITAPETINGA-12.jpg 1280w\" sizes=\"auto, (max-width: 500px) 100vw, 500px\" \/><\/a><\/strong><\/p>\n<p>Por iniciativa da Mesa Diretora, a C\u00e2mara Municipal de Itapetinga vai realizar, nesta quinta-feira (29), uma sess\u00e3o especial itinerante no povoado de Palmares. O evento acontecer\u00e1 na Escola Duque de Caxias, a partir das 9 horas.<\/p>\n<p>De acordo com a Mesa Diretora, a sess\u00e3o especial itinerante em Palmares tem como objetivo incentivar a participa\u00e7\u00e3o popular e facilitar o acesso daquela comunidade aos trabalhos legislativos.<\/p>\n<p>Tamb\u00e9m est\u00e1 aprovada pelo Plen\u00e1rio uma sess\u00e3o especial itinerante, ainda sem data definida, para o distrito de Bandeira do Col\u00f4nia. A proposta tamb\u00e9m foi da Mesa Diretora, que pretende dar continuidade a uma agenda positiva, com a realiza\u00e7\u00e3o de reuni\u00f5es e debates acerca de assuntos de interesse p\u00fablico e buscando aproximar cada vez mais a Casa Legislativa da popula\u00e7\u00e3o.<\/p>\n<p>As sess\u00f5es da C\u00e2mara Municipal de Itapetinga s\u00e3o transmitidas, ao vivo, por duas emissoras de r\u00e1dio (Fascina\u00e7\u00e3o AM e Cidade FM) e pelo\u00a0<a href=\"https:\/\/www.facebook.com\/camaraitapetinga\" target=\"_blank\" rel=\"nofollow noopener noreferrer\">Facebook\/camaraitapetinga<\/a>.<\/p>\n<p>Ascom\/C\u00e2mara Municipal de Itapetinga<\/p>\n","protected":false},"excerpt":{"rendered":"<p>Por iniciativa da Mesa Diretora, a C\u00e2mara Municipal de Itapetinga vai realizar, nesta quinta-feira (29), uma sess\u00e3o especial itinerante no povoado de Palmares. O evento acontecer\u00e1 na Escola Duque de Caxias, a partir das 9 horas. De acordo com a Mesa Diretora, a sess\u00e3o especial itinerante em Palmares tem como objetivo incentivar a participa\u00e7\u00e3o popular [&hellip;]<\/p>\n","protected":false},"author":2,"featured_media":81791,"comment_status":"open","ping_status":"open","sticky":false,"template":"","format":"standard","meta":{"footnotes":"","_links_to":"","_links_to_target":""},"categories":[1],"tags":[],"class_list":["post-81790","post","type-post","status-publish","format-standard","has-post-thumbnail","hentry","category-geral"],"views":759,"_links":{"self":[{"href":"https:\/\/www.sudoestehoje.com.br\/novoportal\/wp-json\/wp\/v2\/posts\/81790","targetHints":{"allow":["GET"]}}],"collection":[{"href":"https:\/\/www.sudoestehoje.com.br\/novoportal\/wp-json\/wp\/v2\/posts"}],"about":[{"href":"https:\/\/www.sudoestehoje.com.br\/novoportal\/wp-json\/wp\/v2\/types\/post"}],"author":[{"embeddable":true,"href":"https:\/\/www.sudoestehoje.com.br\/novoportal\/wp-json\/wp\/v2\/users\/2"}],"replies":[{"embeddable":true,"href":"https:\/\/www.sudoestehoje.com.br\/novoportal\/wp-json\/wp\/v2\/comments?post=81790"}],"version-history":[{"count":1,"href":"https:\/\/www.sudoestehoje.com.br\/novoportal\/wp-json\/wp\/v2\/posts\/81790\/revisions"}],"predecessor-version":[{"id":81792,"href":"https:\/\/www.sudoestehoje.com.br\/novoportal\/wp-json\/wp\/v2\/posts\/81790\/revisions\/81792"}],"wp:featuredmedia":[{"embeddable":true,"href":"https:\/\/www.sudoestehoje.com.br\/novoportal\/wp-json\/wp\/v2\/media\/81791"}],"wp:attachment":[{"href":"https:\/\/www.sudoestehoje.com.br\/novoportal\/wp-json\/wp\/v2\/media?parent=81790"}],"wp:term":[{"taxonomy":"category","embeddable":true,"href":"https:\/\/www.sudoestehoje.com.br\/novoportal\/wp-json\/wp\/v2\/categories?post=81790"},{"taxonomy":"post_tag","embeddable":true,"href":"https:\/\/www.sudoestehoje.com.br\/novoportal\/wp-json\/wp\/v2\/tags?post=81790"}],"curies":[{"name":"wp","href":"https:\/\/api.w.org\/{rel}","templated":true}]}}