
{"id":81780,"date":"2019-08-25T19:35:12","date_gmt":"2019-08-25T22:35:12","guid":{"rendered":"https:\/\/www.sudoestehoje.com.br\/novoportal\/?p=81780"},"modified":"2019-08-25T19:35:12","modified_gmt":"2019-08-25T22:35:12","slug":"g7-isola-macron-e-merkel-afirma-que-vai-ligar-a-bolsonaro-na-proxima-semana","status":"publish","type":"post","link":"https:\/\/www.sudoestehoje.com.br\/novoportal\/2019\/08\/25\/g7-isola-macron-e-merkel-afirma-que-vai-ligar-a-bolsonaro-na-proxima-semana\/","title":{"rendered":"G7 ISOLA MACRON E MERKEL AFIRMA QUE VAI LIGAR A BOLSONARO NA PR\u00d3XIMA SEMANA"},"content":{"rendered":"<p><a href=\"https:\/\/www.sudoestehoje.com.br\/novoportal\/wp-content\/uploads\/2019\/08\/reuniao-do-G7-by-epa-1140x570.jpg\"><img loading=\"lazy\" decoding=\"async\" class=\"aligncenter size-medium wp-image-81781\" src=\"https:\/\/www.sudoestehoje.com.br\/novoportal\/wp-content\/uploads\/2019\/08\/reuniao-do-G7-by-epa-1140x570-500x250.jpg\" alt=\"\" width=\"500\" height=\"250\" srcset=\"https:\/\/www.sudoestehoje.com.br\/novoportal\/wp-content\/uploads\/2019\/08\/reuniao-do-G7-by-epa-1140x570-500x250.jpg 500w, https:\/\/www.sudoestehoje.com.br\/novoportal\/wp-content\/uploads\/2019\/08\/reuniao-do-G7-by-epa-1140x570-768x384.jpg 768w, https:\/\/www.sudoestehoje.com.br\/novoportal\/wp-content\/uploads\/2019\/08\/reuniao-do-G7-by-epa-1140x570-700x350.jpg 700w, https:\/\/www.sudoestehoje.com.br\/novoportal\/wp-content\/uploads\/2019\/08\/reuniao-do-G7-by-epa-1140x570.jpg 1140w\" sizes=\"auto, (max-width: 500px) 100vw, 500px\" \/><\/a><\/p>\n<p>Durante uma das reuni\u00f5es da 45\u00aa confer\u00eancia de c\u00fapula do G7, a chefe de governo alem\u00e3 Angela Merkel aparece em v\u00eddeo, divulgado pela Bloomberg, afirmando que ligar\u00e1 para o o presidente brasileiro Jair Bolsonaro, na pr\u00f3xima semana, \u201cpara que ele n\u00e3o tenha a impress\u00e3o de que estamos trabalhando contra ele\u201d. O primeiro-ministro ingl\u00eas Johnson diz em seguida que acha isso \u201cimportante\u201d e at\u00e9 o franc\u00eas Emmanuel Macron, que tem feito discursos p\u00fablicos agressivos contra o Brasil, expressa seu apoio \u00e0 liga\u00e7\u00e3o. \u201cEu vou ligar\u201d, confirmou Merkel.<\/p>\n<p>Al\u00e9m de Merkel e Macron, tamb\u00e9m estavam \u00e0 mesa o presidente do Conselho Europeu, Donald Tusk, o primeiro-ministro brit\u00e2nico, Boris Johnson, e o premi\u00ea italiano, Giuseppe Conte.<\/p>\n<p>Macron \u2013 que ficou isolado no discurso agressivo contra o Brasil \u2013 afirmou depois, em entrevista, que acordaram sobre o envio de ajuda aos pa\u00edses afetados pelos inc\u00eandios na Regi\u00e3o Amaz\u00f4nica \u201co mais r\u00e1pido poss\u00edvel\u201d. O G7 nem sequer levou em conta sua proposta de boicote a produtos brasileiros.<\/p>\n<p>Embora 60% da Regi\u00e3o Amaz\u00f4nica se situe no Brasil, a maior floresta do mundo tamb\u00e9m se estende por oito outros pa\u00edses: Bol\u00edvia, Col\u00f4mbia, Equador, Guiana, Peru, Suriname, Venezuela, e at\u00e9 mesmo o departamento ultramarino da Fran\u00e7a, Guiana Francesa.<\/p>\n<p>Macron, que enfrenta problemas de aprova\u00e7\u00e3o dos franceses est\u00e1 em plena campanha eleitoral municipal, tamb\u00e9m amea\u00e7ou n\u00e3o ratificar o acordo de livre-com\u00e9rcio assinado entre a Uni\u00e3o Europeia e o Mercosul (Brasil, Argentina, Paraguai e Uruguai).<\/p>\n","protected":false},"excerpt":{"rendered":"<p>Durante uma das reuni\u00f5es da 45\u00aa confer\u00eancia de c\u00fapula do G7, a chefe de governo alem\u00e3 Angela Merkel aparece em v\u00eddeo, divulgado pela Bloomberg, afirmando que ligar\u00e1 para o o presidente brasileiro Jair Bolsonaro, na pr\u00f3xima semana, \u201cpara que ele n\u00e3o tenha a impress\u00e3o de que estamos trabalhando contra ele\u201d. O primeiro-ministro ingl\u00eas Johnson diz [&hellip;]<\/p>\n","protected":false},"author":2,"featured_media":81781,"comment_status":"open","ping_status":"open","sticky":false,"template":"","format":"standard","meta":{"footnotes":"","_links_to":"","_links_to_target":""},"categories":[1],"tags":[],"class_list":["post-81780","post","type-post","status-publish","format-standard","has-post-thumbnail","hentry","category-geral"],"views":776,"_links":{"self":[{"href":"https:\/\/www.sudoestehoje.com.br\/novoportal\/wp-json\/wp\/v2\/posts\/81780","targetHints":{"allow":["GET"]}}],"collection":[{"href":"https:\/\/www.sudoestehoje.com.br\/novoportal\/wp-json\/wp\/v2\/posts"}],"about":[{"href":"https:\/\/www.sudoestehoje.com.br\/novoportal\/wp-json\/wp\/v2\/types\/post"}],"author":[{"embeddable":true,"href":"https:\/\/www.sudoestehoje.com.br\/novoportal\/wp-json\/wp\/v2\/users\/2"}],"replies":[{"embeddable":true,"href":"https:\/\/www.sudoestehoje.com.br\/novoportal\/wp-json\/wp\/v2\/comments?post=81780"}],"version-history":[{"count":1,"href":"https:\/\/www.sudoestehoje.com.br\/novoportal\/wp-json\/wp\/v2\/posts\/81780\/revisions"}],"predecessor-version":[{"id":81782,"href":"https:\/\/www.sudoestehoje.com.br\/novoportal\/wp-json\/wp\/v2\/posts\/81780\/revisions\/81782"}],"wp:featuredmedia":[{"embeddable":true,"href":"https:\/\/www.sudoestehoje.com.br\/novoportal\/wp-json\/wp\/v2\/media\/81781"}],"wp:attachment":[{"href":"https:\/\/www.sudoestehoje.com.br\/novoportal\/wp-json\/wp\/v2\/media?parent=81780"}],"wp:term":[{"taxonomy":"category","embeddable":true,"href":"https:\/\/www.sudoestehoje.com.br\/novoportal\/wp-json\/wp\/v2\/categories?post=81780"},{"taxonomy":"post_tag","embeddable":true,"href":"https:\/\/www.sudoestehoje.com.br\/novoportal\/wp-json\/wp\/v2\/tags?post=81780"}],"curies":[{"name":"wp","href":"https:\/\/api.w.org\/{rel}","templated":true}]}}