
{"id":81777,"date":"2019-08-24T19:48:03","date_gmt":"2019-08-24T22:48:03","guid":{"rendered":"https:\/\/www.sudoestehoje.com.br\/novoportal\/?p=81777"},"modified":"2019-08-24T19:48:03","modified_gmt":"2019-08-24T22:48:03","slug":"sao-paulo-leonardo-matos-acompanha-o-deputado-antonio-brito-em-visita-ao-hospital-do-coracao-2","status":"publish","type":"post","link":"https:\/\/www.sudoestehoje.com.br\/novoportal\/2019\/08\/24\/sao-paulo-leonardo-matos-acompanha-o-deputado-antonio-brito-em-visita-ao-hospital-do-coracao-2\/","title":{"rendered":"S\u00c3O PAULO: LEONARDO MATOS ACOMPANHA O DEPUTADO ANT\u00d4NIO BRITO EM VISITA AO HOSPITAL DO CORA\u00c7\u00c3O"},"content":{"rendered":"<p><a href=\"https:\/\/www.sudoestehoje.com.br\/novoportal\/wp-content\/uploads\/2019\/08\/leo-hcor-1-500x500-1.jpg\"><img loading=\"lazy\" decoding=\"async\" class=\"aligncenter size-medium wp-image-81778\" src=\"https:\/\/www.sudoestehoje.com.br\/novoportal\/wp-content\/uploads\/2019\/08\/leo-hcor-1-500x500-1-500x500.jpg\" alt=\"\" width=\"500\" height=\"500\" srcset=\"https:\/\/www.sudoestehoje.com.br\/novoportal\/wp-content\/uploads\/2019\/08\/leo-hcor-1-500x500-1.jpg 500w, https:\/\/www.sudoestehoje.com.br\/novoportal\/wp-content\/uploads\/2019\/08\/leo-hcor-1-500x500-1-150x150.jpg 150w\" sizes=\"auto, (max-width: 500px) 100vw, 500px\" \/><\/a><\/p>\n<p>Nesta quinta-feira (21), o coordenador da Federa\u00e7\u00e3o das Santas Casas da Bahia, Leonardo Matos,\u00a0 acompanhou, o deputado federal Antonio Brito (PSD-BA) \u2013 Presidente da Frente Parlamentar das Santas Casas e da Comiss\u00e3o de Seguridade Social e Sa\u00fade da C\u00e2mara dos Deputados em visita ao Hospital do Cora\u00e7\u00e3o \u2013 Hcor em S\u00e3o Paulo, uma importante institui\u00e7\u00e3o filantr\u00f3pica idealizada pelo m\u00e9dico Dr. Adib Jatene.<\/p>\n<p>Na oportunidade, o atuante parlamentar e seu aliado L\u00e9o Matos forom recebidos pelo Superintendente do Hcor, Dr. Ant\u00f4nio Carlos Kfouri, cujo pai foi m\u00e9dico da Santa Casa de Miseric\u00f3rdia de Itabuna.<\/p>\n<p>Na sua nova fun\u00e7\u00e3o, o advogado itapetinguense tem demonstrado desenvoltura, j\u00e1 que det\u00e9m vasta experi\u00eancia na \u00e1rea, adquirida durante sua passagem pela Funda\u00e7\u00e3o Jos\u00e9 Silveira, em toda a Bahia.<\/p>\n","protected":false},"excerpt":{"rendered":"<p>Nesta quinta-feira (21), o coordenador da Federa\u00e7\u00e3o das Santas Casas da Bahia, Leonardo Matos,\u00a0 acompanhou, o deputado federal Antonio Brito (PSD-BA) \u2013 Presidente da Frente Parlamentar das Santas Casas e da Comiss\u00e3o de Seguridade Social e Sa\u00fade da C\u00e2mara dos Deputados em visita ao Hospital do Cora\u00e7\u00e3o \u2013 Hcor em S\u00e3o Paulo, uma importante institui\u00e7\u00e3o [&hellip;]<\/p>\n","protected":false},"author":2,"featured_media":81778,"comment_status":"open","ping_status":"open","sticky":false,"template":"","format":"standard","meta":{"footnotes":"","_links_to":"","_links_to_target":""},"categories":[1],"tags":[],"class_list":["post-81777","post","type-post","status-publish","format-standard","has-post-thumbnail","hentry","category-geral"],"views":1822,"_links":{"self":[{"href":"https:\/\/www.sudoestehoje.com.br\/novoportal\/wp-json\/wp\/v2\/posts\/81777","targetHints":{"allow":["GET"]}}],"collection":[{"href":"https:\/\/www.sudoestehoje.com.br\/novoportal\/wp-json\/wp\/v2\/posts"}],"about":[{"href":"https:\/\/www.sudoestehoje.com.br\/novoportal\/wp-json\/wp\/v2\/types\/post"}],"author":[{"embeddable":true,"href":"https:\/\/www.sudoestehoje.com.br\/novoportal\/wp-json\/wp\/v2\/users\/2"}],"replies":[{"embeddable":true,"href":"https:\/\/www.sudoestehoje.com.br\/novoportal\/wp-json\/wp\/v2\/comments?post=81777"}],"version-history":[{"count":1,"href":"https:\/\/www.sudoestehoje.com.br\/novoportal\/wp-json\/wp\/v2\/posts\/81777\/revisions"}],"predecessor-version":[{"id":81779,"href":"https:\/\/www.sudoestehoje.com.br\/novoportal\/wp-json\/wp\/v2\/posts\/81777\/revisions\/81779"}],"wp:featuredmedia":[{"embeddable":true,"href":"https:\/\/www.sudoestehoje.com.br\/novoportal\/wp-json\/wp\/v2\/media\/81778"}],"wp:attachment":[{"href":"https:\/\/www.sudoestehoje.com.br\/novoportal\/wp-json\/wp\/v2\/media?parent=81777"}],"wp:term":[{"taxonomy":"category","embeddable":true,"href":"https:\/\/www.sudoestehoje.com.br\/novoportal\/wp-json\/wp\/v2\/categories?post=81777"},{"taxonomy":"post_tag","embeddable":true,"href":"https:\/\/www.sudoestehoje.com.br\/novoportal\/wp-json\/wp\/v2\/tags?post=81777"}],"curies":[{"name":"wp","href":"https:\/\/api.w.org\/{rel}","templated":true}]}}