
{"id":81754,"date":"2019-08-22T23:34:12","date_gmt":"2019-08-23T02:34:12","guid":{"rendered":"https:\/\/www.sudoestehoje.com.br\/novoportal\/?p=81754"},"modified":"2019-08-23T00:03:40","modified_gmt":"2019-08-23T03:03:40","slug":"itapetinga-obras-do-acesso-a-ba-263-estao-na-fase-final-ainda-falta-a-sinalizacao","status":"publish","type":"post","link":"https:\/\/www.sudoestehoje.com.br\/novoportal\/2019\/08\/22\/itapetinga-obras-do-acesso-a-ba-263-estao-na-fase-final-ainda-falta-a-sinalizacao\/","title":{"rendered":"ITAPETINGA: OBRAS DO ACESSO \u00c0 BA-263 EST\u00c3O NA FASE FINAL; AINDA FALTA A SINALIZA\u00c7\u00c3O"},"content":{"rendered":"<p><a href=\"https:\/\/www.sudoestehoje.com.br\/novoportal\/wp-content\/uploads\/2019\/08\/acesso-1.jpg\"><img loading=\"lazy\" decoding=\"async\" class=\"aligncenter size-medium wp-image-81756\" src=\"https:\/\/www.sudoestehoje.com.br\/novoportal\/wp-content\/uploads\/2019\/08\/acesso-1-500x300.jpg\" alt=\"\" width=\"500\" height=\"300\" srcset=\"https:\/\/www.sudoestehoje.com.br\/novoportal\/wp-content\/uploads\/2019\/08\/acesso-1-500x300.jpg 500w, https:\/\/www.sudoestehoje.com.br\/novoportal\/wp-content\/uploads\/2019\/08\/acesso-1-768x461.jpg 768w, https:\/\/www.sudoestehoje.com.br\/novoportal\/wp-content\/uploads\/2019\/08\/acesso-1-700x420.jpg 700w, https:\/\/www.sudoestehoje.com.br\/novoportal\/wp-content\/uploads\/2019\/08\/acesso-1.jpg 960w\" sizes=\"auto, (max-width: 500px) 100vw, 500px\" \/><\/a><\/p>\n<p>As obras de recupera\u00e7\u00e3o da pista de acesso \u00e0 BA-263, em Itapetinga, j\u00e1 est\u00e1 na fase final e devem ser conclu\u00eddas no pr\u00f3ximo m\u00eas de setembro, de acordo com informa\u00e7\u00f5es colhidas pelo Sudoeste Hoje.<\/p>\n<p>A parte final, no trecho entre o Parque de Exposi\u00e7\u00f5es e a estrada de Dona Nan\u00e1, foi totalmente asfaltada, mas as obras de constru\u00e7\u00e3o de canaletas prosseguem.<\/p>\n<p>O asfaltamento do acesso entre a Rodovi\u00e1ria e a entrada pelo Parque de Exposi\u00e7\u00f5es foi um pleito do prefeito Rodrigo Hagge junto ao governo do estado e teve in\u00edcio em outubro do ano passado.<\/p>\n<p><strong><em>Por Davi Ferraz<\/em><\/strong><\/p>\n","protected":false},"excerpt":{"rendered":"<p>As obras de recupera\u00e7\u00e3o da pista de acesso \u00e0 BA-263, em Itapetinga, j\u00e1 est\u00e1 na fase final e devem ser conclu\u00eddas no pr\u00f3ximo m\u00eas de setembro, de acordo com informa\u00e7\u00f5es colhidas pelo Sudoeste Hoje. A parte final, no trecho entre o Parque de Exposi\u00e7\u00f5es e a estrada de Dona Nan\u00e1, foi totalmente asfaltada, mas as [&hellip;]<\/p>\n","protected":false},"author":2,"featured_media":81756,"comment_status":"open","ping_status":"open","sticky":false,"template":"","format":"standard","meta":{"footnotes":"","_links_to":"","_links_to_target":""},"categories":[1],"tags":[],"class_list":["post-81754","post","type-post","status-publish","format-standard","has-post-thumbnail","hentry","category-geral"],"views":762,"_links":{"self":[{"href":"https:\/\/www.sudoestehoje.com.br\/novoportal\/wp-json\/wp\/v2\/posts\/81754","targetHints":{"allow":["GET"]}}],"collection":[{"href":"https:\/\/www.sudoestehoje.com.br\/novoportal\/wp-json\/wp\/v2\/posts"}],"about":[{"href":"https:\/\/www.sudoestehoje.com.br\/novoportal\/wp-json\/wp\/v2\/types\/post"}],"author":[{"embeddable":true,"href":"https:\/\/www.sudoestehoje.com.br\/novoportal\/wp-json\/wp\/v2\/users\/2"}],"replies":[{"embeddable":true,"href":"https:\/\/www.sudoestehoje.com.br\/novoportal\/wp-json\/wp\/v2\/comments?post=81754"}],"version-history":[{"count":2,"href":"https:\/\/www.sudoestehoje.com.br\/novoportal\/wp-json\/wp\/v2\/posts\/81754\/revisions"}],"predecessor-version":[{"id":81757,"href":"https:\/\/www.sudoestehoje.com.br\/novoportal\/wp-json\/wp\/v2\/posts\/81754\/revisions\/81757"}],"wp:featuredmedia":[{"embeddable":true,"href":"https:\/\/www.sudoestehoje.com.br\/novoportal\/wp-json\/wp\/v2\/media\/81756"}],"wp:attachment":[{"href":"https:\/\/www.sudoestehoje.com.br\/novoportal\/wp-json\/wp\/v2\/media?parent=81754"}],"wp:term":[{"taxonomy":"category","embeddable":true,"href":"https:\/\/www.sudoestehoje.com.br\/novoportal\/wp-json\/wp\/v2\/categories?post=81754"},{"taxonomy":"post_tag","embeddable":true,"href":"https:\/\/www.sudoestehoje.com.br\/novoportal\/wp-json\/wp\/v2\/tags?post=81754"}],"curies":[{"name":"wp","href":"https:\/\/api.w.org\/{rel}","templated":true}]}}