
{"id":81750,"date":"2019-08-22T22:53:53","date_gmt":"2019-08-23T01:53:53","guid":{"rendered":"https:\/\/www.sudoestehoje.com.br\/novoportal\/?p=81750"},"modified":"2019-08-22T23:19:25","modified_gmt":"2019-08-23T02:19:25","slug":"tragedia-em-jequie-tres-pessoas-cometem-suicidio-em-menos-de-24-horas-entre-elas-a-ex-vice-prefeita","status":"publish","type":"post","link":"https:\/\/www.sudoestehoje.com.br\/novoportal\/2019\/08\/22\/tragedia-em-jequie-tres-pessoas-cometem-suicidio-em-menos-de-24-horas-entre-elas-a-ex-vice-prefeita\/","title":{"rendered":"TRAG\u00c9DIA EM JEQUI\u00c9: TR\u00caS PESSOAS COMETEM SUIC\u00cdDIO EM MENOS DE 24 HORAS; ENTRE ELAS A EX VICE-PREFEITA"},"content":{"rendered":"<p><a href=\"https:\/\/www.sudoestehoje.com.br\/novoportal\/wp-content\/uploads\/2019\/08\/SUICIDIOS-JEQUI\u00c9.jpg\"><img loading=\"lazy\" decoding=\"async\" class=\"aligncenter size-medium wp-image-81751\" src=\"https:\/\/www.sudoestehoje.com.br\/novoportal\/wp-content\/uploads\/2019\/08\/SUICIDIOS-JEQUI\u00c9-500x227.jpg\" alt=\"\" width=\"500\" height=\"227\" srcset=\"https:\/\/www.sudoestehoje.com.br\/novoportal\/wp-content\/uploads\/2019\/08\/SUICIDIOS-JEQUI\u00c9-500x227.jpg 500w, https:\/\/www.sudoestehoje.com.br\/novoportal\/wp-content\/uploads\/2019\/08\/SUICIDIOS-JEQUI\u00c9-768x349.jpg 768w, https:\/\/www.sudoestehoje.com.br\/novoportal\/wp-content\/uploads\/2019\/08\/SUICIDIOS-JEQUI\u00c9-700x318.jpg 700w, https:\/\/www.sudoestehoje.com.br\/novoportal\/wp-content\/uploads\/2019\/08\/SUICIDIOS-JEQUI\u00c9.jpg 1200w\" sizes=\"auto, (max-width: 500px) 100vw, 500px\" \/><\/a><\/p>\n<p class=\"caps\">Esta semana vai ser conhecida como uma das mais tristes da comunidade jequieense, com tr\u00eas pessoas do bem, mortas em menos de 24 horas. O primeiro caso ocorreu no Loteamento \u00c1gua Branca, um idoso identificado pelo nome de JO\u00c3O FRANCISCO DE SOUZA, funcion\u00e1rio aposentado do estado, foi encontrado enforcado pelos seus familiares, em sua resid\u00eancia.<\/p>\n<p class=\"caps\">Em seguida, por volta das 18h30, o corpo de CINARA ABREU, ex-vice prefeita de Jequi\u00e9 na gest\u00e3o de Roberto Britto, foi encontrada morta tamb\u00e9m em sua resid\u00eancia, pr\u00f3ximo a Escola Rotary, segundo a pol\u00edcia, h\u00e1 suspeita de suic\u00eddio, mas ainda n\u00e3o existe nenhum laudo oficial.<\/p>\n<p>E n\u00e3o acaba por a\u00ed, no in\u00edcio da noite desta quarta-feira (21Agos), ROSEANE ALMEIDA CALHEIRA, foi encontrada morta dentro de casa por enforcamento. Roseane morava no Conjunto Habitacional Brasil Novo, bairro jequiezinho. Esse \u00e9 o terceiro suic\u00eddio em menos de 24 horas na cidade de Jequi\u00e9.<\/p>\n<p>Equipes das pol\u00edcias Civil e Militar, do Departamento de Pol\u00edcia T\u00e9cnica e IML, foram ao local para realizarem o levantamento cadav\u00e9rico e ouvirem pessoas que possam revelar ind\u00edcios acerca do ocorrido. <em>\/\/Jequi\u00e9 Urgente<\/em><\/p>\n","protected":false},"excerpt":{"rendered":"<p>Esta semana vai ser conhecida como uma das mais tristes da comunidade jequieense, com tr\u00eas pessoas do bem, mortas em menos de 24 horas. O primeiro caso ocorreu no Loteamento \u00c1gua Branca, um idoso identificado pelo nome de JO\u00c3O FRANCISCO DE SOUZA, funcion\u00e1rio aposentado do estado, foi encontrado enforcado pelos seus familiares, em sua resid\u00eancia. [&hellip;]<\/p>\n","protected":false},"author":2,"featured_media":81751,"comment_status":"open","ping_status":"open","sticky":false,"template":"","format":"standard","meta":{"footnotes":"","_links_to":"","_links_to_target":""},"categories":[1],"tags":[],"class_list":["post-81750","post","type-post","status-publish","format-standard","has-post-thumbnail","hentry","category-geral"],"views":1538,"_links":{"self":[{"href":"https:\/\/www.sudoestehoje.com.br\/novoportal\/wp-json\/wp\/v2\/posts\/81750","targetHints":{"allow":["GET"]}}],"collection":[{"href":"https:\/\/www.sudoestehoje.com.br\/novoportal\/wp-json\/wp\/v2\/posts"}],"about":[{"href":"https:\/\/www.sudoestehoje.com.br\/novoportal\/wp-json\/wp\/v2\/types\/post"}],"author":[{"embeddable":true,"href":"https:\/\/www.sudoestehoje.com.br\/novoportal\/wp-json\/wp\/v2\/users\/2"}],"replies":[{"embeddable":true,"href":"https:\/\/www.sudoestehoje.com.br\/novoportal\/wp-json\/wp\/v2\/comments?post=81750"}],"version-history":[{"count":2,"href":"https:\/\/www.sudoestehoje.com.br\/novoportal\/wp-json\/wp\/v2\/posts\/81750\/revisions"}],"predecessor-version":[{"id":81753,"href":"https:\/\/www.sudoestehoje.com.br\/novoportal\/wp-json\/wp\/v2\/posts\/81750\/revisions\/81753"}],"wp:featuredmedia":[{"embeddable":true,"href":"https:\/\/www.sudoestehoje.com.br\/novoportal\/wp-json\/wp\/v2\/media\/81751"}],"wp:attachment":[{"href":"https:\/\/www.sudoestehoje.com.br\/novoportal\/wp-json\/wp\/v2\/media?parent=81750"}],"wp:term":[{"taxonomy":"category","embeddable":true,"href":"https:\/\/www.sudoestehoje.com.br\/novoportal\/wp-json\/wp\/v2\/categories?post=81750"},{"taxonomy":"post_tag","embeddable":true,"href":"https:\/\/www.sudoestehoje.com.br\/novoportal\/wp-json\/wp\/v2\/tags?post=81750"}],"curies":[{"name":"wp","href":"https:\/\/api.w.org\/{rel}","templated":true}]}}