
{"id":8175,"date":"2011-09-02T22:35:11","date_gmt":"2011-09-03T01:35:11","guid":{"rendered":"http:\/\/www.sudoestehoje.com.br\/novoportal\/?p=8175"},"modified":"2011-09-02T22:35:11","modified_gmt":"2011-09-03T01:35:11","slug":"ze-dirceu-e-mais-aplaudido-que-lula-e-dilma-em-congresso-do-pt","status":"publish","type":"post","link":"https:\/\/www.sudoestehoje.com.br\/novoportal\/2011\/09\/02\/ze-dirceu-e-mais-aplaudido-que-lula-e-dilma-em-congresso-do-pt\/","title":{"rendered":"Z\u00c9 DIRCEU \u00c9 MAIS APLAUDIDO QUE LULA E DILMA EM CONGRESSO DO PT"},"content":{"rendered":"<p style=\"text-align: center;\"><img decoding=\"async\" class=\"aligncenter\" src=\"http:\/\/f.i.uol.com.br\/folha\/homepage\/images\/11245922.jpeg\" alt=\"Ex-presidente Lula, Jos\u00e9 Dirceu e Dilma participam do Congresso do PT, em Bras\u00edlia; ex-ministro foi homenageado\" width=\"500\" \/><\/p>\n<p>O ex-ministro Jos\u00e9 Dirceu (Casa Civil), r\u00e9u do processo do mensal\u00e3o e ex-deputado cassado em 2005, foi homenageado e recebeu um desagravo na abertura do 4\u00ba Congresso do PT.<\/p>\n<p>Ele foi mais aplaudido que a presidente Dilma Rousseff e o ex-presidente Luiz In\u00e1cio Lula da Silva na abertura do encontro, na noite desta sexta-feira (2), em Bras\u00edlia.<\/p>\n<p>Os militantes que lotam o audit\u00f3rio do evento cantaram, em coro, um mote de antigas campanhas petistas: &#8220;Dirceu guerreiro \/ Do povo brasileiro&#8221;.<\/p>\n<p>No discurso inaugural, o presidente da CUT (Central \u00danica dos Trabalhadores), Artur Henrique, prop\u00f4s um ato de desagravo a Dirceu, como a\u00a0<strong>Folha<\/strong> antecipou na quinta-feira (1\u00ba).<\/p>\n<p>O sindicalista defendeu uma &#8220;mo\u00e7\u00e3o de rep\u00fadio pelo crime cometido por uma famosa revista brasileira contra o companheiro Jos\u00e9 Dirceu e contra a livre imprensa neste pa\u00eds&#8221;.<\/p>\n<p>Os petistas protestam contra reportagem da revista &#8220;Veja&#8221; que, h\u00e1 uma semana, relatou encontros de Dirceu com ministros de Dilma e o acusou de ter conspirado pela queda do ex-ministro Antonio Palocci (Casa Civil). FOLHA<\/p>\n","protected":false},"excerpt":{"rendered":"<p>O ex-ministro Jos\u00e9 Dirceu (Casa Civil), r\u00e9u do processo do mensal\u00e3o e ex-deputado cassado em 2005, foi homenageado e recebeu um desagravo na abertura do 4\u00ba Congresso do PT. Ele foi mais aplaudido que a presidente Dilma Rousseff e o ex-presidente Luiz In\u00e1cio Lula da Silva na abertura do encontro, na noite desta sexta-feira (2), [&hellip;]<\/p>\n","protected":false},"author":2,"featured_media":0,"comment_status":"open","ping_status":"open","sticky":false,"template":"","format":"standard","meta":{"footnotes":"","_links_to":"","_links_to_target":""},"categories":[1],"tags":[],"class_list":["post-8175","post","type-post","status-publish","format-standard","hentry","category-geral"],"views":3948,"_links":{"self":[{"href":"https:\/\/www.sudoestehoje.com.br\/novoportal\/wp-json\/wp\/v2\/posts\/8175","targetHints":{"allow":["GET"]}}],"collection":[{"href":"https:\/\/www.sudoestehoje.com.br\/novoportal\/wp-json\/wp\/v2\/posts"}],"about":[{"href":"https:\/\/www.sudoestehoje.com.br\/novoportal\/wp-json\/wp\/v2\/types\/post"}],"author":[{"embeddable":true,"href":"https:\/\/www.sudoestehoje.com.br\/novoportal\/wp-json\/wp\/v2\/users\/2"}],"replies":[{"embeddable":true,"href":"https:\/\/www.sudoestehoje.com.br\/novoportal\/wp-json\/wp\/v2\/comments?post=8175"}],"version-history":[{"count":3,"href":"https:\/\/www.sudoestehoje.com.br\/novoportal\/wp-json\/wp\/v2\/posts\/8175\/revisions"}],"predecessor-version":[{"id":8178,"href":"https:\/\/www.sudoestehoje.com.br\/novoportal\/wp-json\/wp\/v2\/posts\/8175\/revisions\/8178"}],"wp:attachment":[{"href":"https:\/\/www.sudoestehoje.com.br\/novoportal\/wp-json\/wp\/v2\/media?parent=8175"}],"wp:term":[{"taxonomy":"category","embeddable":true,"href":"https:\/\/www.sudoestehoje.com.br\/novoportal\/wp-json\/wp\/v2\/categories?post=8175"},{"taxonomy":"post_tag","embeddable":true,"href":"https:\/\/www.sudoestehoje.com.br\/novoportal\/wp-json\/wp\/v2\/tags?post=8175"}],"curies":[{"name":"wp","href":"https:\/\/api.w.org\/{rel}","templated":true}]}}