
{"id":81744,"date":"2019-08-23T11:58:33","date_gmt":"2019-08-23T14:58:33","guid":{"rendered":"https:\/\/www.sudoestehoje.com.br\/novoportal\/?p=81744"},"modified":"2019-08-22T22:12:50","modified_gmt":"2019-08-23T01:12:50","slug":"macarani-prefeito-miller-ferraz-assina-ordem-de-servico-para-revitalizacao-do-parque-da-lagoa","status":"publish","type":"post","link":"https:\/\/www.sudoestehoje.com.br\/novoportal\/2019\/08\/23\/macarani-prefeito-miller-ferraz-assina-ordem-de-servico-para-revitalizacao-do-parque-da-lagoa\/","title":{"rendered":"MACARANI: PREFEITO MILLER FERRAZ ASSINA ORDEM DE SERVI\u00c7O PARA REVITALIZA\u00c7\u00c3O DO PARQUE DA LAGOA"},"content":{"rendered":"<p><a href=\"https:\/\/www.sudoestehoje.com.br\/novoportal\/wp-content\/uploads\/2019\/08\/lagoa-macarani-1.jpg\"><img loading=\"lazy\" decoding=\"async\" class=\"aligncenter size-medium wp-image-81747\" src=\"https:\/\/www.sudoestehoje.com.br\/novoportal\/wp-content\/uploads\/2019\/08\/lagoa-macarani-1-500x284.jpg\" alt=\"\" width=\"500\" height=\"284\" srcset=\"https:\/\/www.sudoestehoje.com.br\/novoportal\/wp-content\/uploads\/2019\/08\/lagoa-macarani-1-500x284.jpg 500w, https:\/\/www.sudoestehoje.com.br\/novoportal\/wp-content\/uploads\/2019\/08\/lagoa-macarani-1-768x436.jpg 768w, https:\/\/www.sudoestehoje.com.br\/novoportal\/wp-content\/uploads\/2019\/08\/lagoa-macarani-1-700x397.jpg 700w, https:\/\/www.sudoestehoje.com.br\/novoportal\/wp-content\/uploads\/2019\/08\/lagoa-macarani-1.jpg 960w\" sizes=\"auto, (max-width: 500px) 100vw, 500px\" \/><\/a><br \/>\nNesta-feira (21), o prefeito Miller Ferraz expediu a ordem de servi\u00e7o para o in\u00edcio imediato das obras da primeira fase da reforma do Parque da Lagoa, uma antiga reivindica\u00e7\u00e3o dos moradores do bairro Marjorie Parque, que esteve em abandono h\u00e1 10 anos, desde que foi revitalizada em 2007.<\/p>\n<p><em>\u201cFoi muito dif\u00edcil conseguirmos os recursos para essa obra, pela qual lutamos desde que assumimos a prefeitura em 2017, mas finalmente conseguimos a libera\u00e7\u00e3o das verbas gra\u00e7as ao apoio do nosso deputado Z\u00e9 Rocha\u201d<\/em>, disse o prefeito Miller.<\/p>\n<p><a href=\"https:\/\/www.sudoestehoje.com.br\/novoportal\/wp-content\/uploads\/2019\/08\/lagoa-macarani-2.jpg\"><img loading=\"lazy\" decoding=\"async\" class=\"aligncenter size-medium wp-image-81748\" src=\"https:\/\/www.sudoestehoje.com.br\/novoportal\/wp-content\/uploads\/2019\/08\/lagoa-macarani-2-500x333.jpg\" alt=\"\" width=\"500\" height=\"333\" srcset=\"https:\/\/www.sudoestehoje.com.br\/novoportal\/wp-content\/uploads\/2019\/08\/lagoa-macarani-2-500x333.jpg 500w, https:\/\/www.sudoestehoje.com.br\/novoportal\/wp-content\/uploads\/2019\/08\/lagoa-macarani-2-768x512.jpg 768w, https:\/\/www.sudoestehoje.com.br\/novoportal\/wp-content\/uploads\/2019\/08\/lagoa-macarani-2-700x467.jpg 700w, https:\/\/www.sudoestehoje.com.br\/novoportal\/wp-content\/uploads\/2019\/08\/lagoa-macarani-2.jpg 960w\" sizes=\"auto, (max-width: 500px) 100vw, 500px\" \/><\/a><\/p>\n<p>As obras dever\u00e3o ocorrer em duas fases: na primeira, ser\u00e1 realizada a recupera\u00e7\u00e3o da quadra e do campo de esportes e urbaniza\u00e7\u00e3o da \u00e1rea em torno da lagoa. Na segunda fase, que depender\u00e1 da obten\u00e7\u00e3o de novos recursos, ser\u00e3o feitas obras na pr\u00f3pria lagoa e coloca\u00e7\u00e3o de equipamentos de ginastica ao ar livre, quiosques e brinquedos para as crian\u00e7as. <em>\/\/Ascom Macarani<\/em><\/p>\n","protected":false},"excerpt":{"rendered":"<p>Nesta-feira (21), o prefeito Miller Ferraz expediu a ordem de servi\u00e7o para o in\u00edcio imediato das obras da primeira fase da reforma do Parque da Lagoa, uma antiga reivindica\u00e7\u00e3o dos moradores do bairro Marjorie Parque, que esteve em abandono h\u00e1 10 anos, desde que foi revitalizada em 2007. \u201cFoi muito dif\u00edcil conseguirmos os recursos para [&hellip;]<\/p>\n","protected":false},"author":2,"featured_media":81747,"comment_status":"open","ping_status":"open","sticky":false,"template":"","format":"standard","meta":{"footnotes":"","_links_to":"","_links_to_target":""},"categories":[1],"tags":[],"class_list":["post-81744","post","type-post","status-publish","format-standard","has-post-thumbnail","hentry","category-geral"],"views":820,"_links":{"self":[{"href":"https:\/\/www.sudoestehoje.com.br\/novoportal\/wp-json\/wp\/v2\/posts\/81744","targetHints":{"allow":["GET"]}}],"collection":[{"href":"https:\/\/www.sudoestehoje.com.br\/novoportal\/wp-json\/wp\/v2\/posts"}],"about":[{"href":"https:\/\/www.sudoestehoje.com.br\/novoportal\/wp-json\/wp\/v2\/types\/post"}],"author":[{"embeddable":true,"href":"https:\/\/www.sudoestehoje.com.br\/novoportal\/wp-json\/wp\/v2\/users\/2"}],"replies":[{"embeddable":true,"href":"https:\/\/www.sudoestehoje.com.br\/novoportal\/wp-json\/wp\/v2\/comments?post=81744"}],"version-history":[{"count":3,"href":"https:\/\/www.sudoestehoje.com.br\/novoportal\/wp-json\/wp\/v2\/posts\/81744\/revisions"}],"predecessor-version":[{"id":81749,"href":"https:\/\/www.sudoestehoje.com.br\/novoportal\/wp-json\/wp\/v2\/posts\/81744\/revisions\/81749"}],"wp:featuredmedia":[{"embeddable":true,"href":"https:\/\/www.sudoestehoje.com.br\/novoportal\/wp-json\/wp\/v2\/media\/81747"}],"wp:attachment":[{"href":"https:\/\/www.sudoestehoje.com.br\/novoportal\/wp-json\/wp\/v2\/media?parent=81744"}],"wp:term":[{"taxonomy":"category","embeddable":true,"href":"https:\/\/www.sudoestehoje.com.br\/novoportal\/wp-json\/wp\/v2\/categories?post=81744"},{"taxonomy":"post_tag","embeddable":true,"href":"https:\/\/www.sudoestehoje.com.br\/novoportal\/wp-json\/wp\/v2\/tags?post=81744"}],"curies":[{"name":"wp","href":"https:\/\/api.w.org\/{rel}","templated":true}]}}