
{"id":81712,"date":"2019-08-21T21:31:09","date_gmt":"2019-08-22T00:31:09","guid":{"rendered":"https:\/\/www.sudoestehoje.com.br\/novoportal\/?p=81712"},"modified":"2019-08-21T21:31:09","modified_gmt":"2019-08-22T00:31:09","slug":"antonio-brito-sera-o-relator-da-medida-provisoria-do-programa-medicos-do-brasil","status":"publish","type":"post","link":"https:\/\/www.sudoestehoje.com.br\/novoportal\/2019\/08\/21\/antonio-brito-sera-o-relator-da-medida-provisoria-do-programa-medicos-do-brasil\/","title":{"rendered":"ANT\u00d4NIO BRITO SER\u00c1 O RELATOR DA MEDIDA PROVIS\u00d3RIA DO PROGRAMA M\u00c9DICOS DO BRASIL"},"content":{"rendered":"<p><a href=\"https:\/\/www.sudoestehoje.com.br\/novoportal\/wp-content\/uploads\/2019\/08\/BRITO-RELATOR.jpg\"><img loading=\"lazy\" decoding=\"async\" class=\"aligncenter size-medium wp-image-81714\" src=\"https:\/\/www.sudoestehoje.com.br\/novoportal\/wp-content\/uploads\/2019\/08\/BRITO-RELATOR-500x235.jpg\" alt=\"\" width=\"500\" height=\"235\" srcset=\"https:\/\/www.sudoestehoje.com.br\/novoportal\/wp-content\/uploads\/2019\/08\/BRITO-RELATOR-500x235.jpg 500w, https:\/\/www.sudoestehoje.com.br\/novoportal\/wp-content\/uploads\/2019\/08\/BRITO-RELATOR-768x361.jpg 768w, https:\/\/www.sudoestehoje.com.br\/novoportal\/wp-content\/uploads\/2019\/08\/BRITO-RELATOR-700x329.jpg 700w, https:\/\/www.sudoestehoje.com.br\/novoportal\/wp-content\/uploads\/2019\/08\/BRITO-RELATOR.jpg 1600w\" sizes=\"auto, (max-width: 500px) 100vw, 500px\" \/><\/a><\/p>\n<p>O deputado federal Antonio Brito (PSD) ser\u00e1 o relator-revisor da Medida Provis\u00f3ria 890\/2019, que institui o Programa M\u00e9dicos pelo Brasil, na Comiss\u00e3o Mista instalada, na tarde desta quarta-feira (21). Na ocasi\u00e3o, o deputado federal Ruy Carneiro (PSDB) foi escolhido como presidente do colegiado, e\u00a0o senador M\u00e1rcio Bittar (MDB\/AC) ficou com o cargo de vice-presidente. O senador Conf\u00facio Moura (MDB\/RR) tamb\u00e9m ser\u00e1 relator.\u00a0Presidente na reuni\u00e3o, o ministro da Sa\u00fade, Luiz Henrique Mandetta, reafirmou a prioridade do Governo Federal e do Congresso Nacional no debate desta Medida Provis\u00f3ria, editada no dia 1\u00ba de agosto.<\/p>\n<p>O Programa M\u00e9dicos pelo Brasil dar\u00e1 prioridade a presta\u00e7\u00e3o de servi\u00e7os na aten\u00e7\u00e3o prim\u00e1ria de sa\u00fade no SUS. O deputado federal Antonio Brito dever\u00e1 debater a Medida Provis\u00f3ria no dia 28 de agosto, na Comiss\u00e3o de Seguridade Social e Fam\u00edlia da C\u00e2mara dos Deputados, na qual \u00e9 presidente, com a presen\u00e7a do secret\u00e1rio de Aten\u00e7\u00e3o Prim\u00e1ria a Sa\u00fade do Minist\u00e9rio da Sa\u00fade, Erno Harzheim.<\/p>\n","protected":false},"excerpt":{"rendered":"<p>O deputado federal Antonio Brito (PSD) ser\u00e1 o relator-revisor da Medida Provis\u00f3ria 890\/2019, que institui o Programa M\u00e9dicos pelo Brasil, na Comiss\u00e3o Mista instalada, na tarde desta quarta-feira (21). Na ocasi\u00e3o, o deputado federal Ruy Carneiro (PSDB) foi escolhido como presidente do colegiado, e\u00a0o senador M\u00e1rcio Bittar (MDB\/AC) ficou com o cargo de vice-presidente. O [&hellip;]<\/p>\n","protected":false},"author":2,"featured_media":81714,"comment_status":"open","ping_status":"open","sticky":false,"template":"","format":"standard","meta":{"footnotes":"","_links_to":"","_links_to_target":""},"categories":[1],"tags":[],"class_list":["post-81712","post","type-post","status-publish","format-standard","has-post-thumbnail","hentry","category-geral"],"views":764,"_links":{"self":[{"href":"https:\/\/www.sudoestehoje.com.br\/novoportal\/wp-json\/wp\/v2\/posts\/81712","targetHints":{"allow":["GET"]}}],"collection":[{"href":"https:\/\/www.sudoestehoje.com.br\/novoportal\/wp-json\/wp\/v2\/posts"}],"about":[{"href":"https:\/\/www.sudoestehoje.com.br\/novoportal\/wp-json\/wp\/v2\/types\/post"}],"author":[{"embeddable":true,"href":"https:\/\/www.sudoestehoje.com.br\/novoportal\/wp-json\/wp\/v2\/users\/2"}],"replies":[{"embeddable":true,"href":"https:\/\/www.sudoestehoje.com.br\/novoportal\/wp-json\/wp\/v2\/comments?post=81712"}],"version-history":[{"count":2,"href":"https:\/\/www.sudoestehoje.com.br\/novoportal\/wp-json\/wp\/v2\/posts\/81712\/revisions"}],"predecessor-version":[{"id":81715,"href":"https:\/\/www.sudoestehoje.com.br\/novoportal\/wp-json\/wp\/v2\/posts\/81712\/revisions\/81715"}],"wp:featuredmedia":[{"embeddable":true,"href":"https:\/\/www.sudoestehoje.com.br\/novoportal\/wp-json\/wp\/v2\/media\/81714"}],"wp:attachment":[{"href":"https:\/\/www.sudoestehoje.com.br\/novoportal\/wp-json\/wp\/v2\/media?parent=81712"}],"wp:term":[{"taxonomy":"category","embeddable":true,"href":"https:\/\/www.sudoestehoje.com.br\/novoportal\/wp-json\/wp\/v2\/categories?post=81712"},{"taxonomy":"post_tag","embeddable":true,"href":"https:\/\/www.sudoestehoje.com.br\/novoportal\/wp-json\/wp\/v2\/tags?post=81712"}],"curies":[{"name":"wp","href":"https:\/\/api.w.org\/{rel}","templated":true}]}}