
{"id":81709,"date":"2019-08-21T20:36:34","date_gmt":"2019-08-21T23:36:34","guid":{"rendered":"https:\/\/www.sudoestehoje.com.br\/novoportal\/?p=81709"},"modified":"2019-08-21T20:36:34","modified_gmt":"2019-08-21T23:36:34","slug":"projeto-de-pedro-tavares-que-visa-alerta-contra-doencas-da-tireoide-e-aprovado-na-alba","status":"publish","type":"post","link":"https:\/\/www.sudoestehoje.com.br\/novoportal\/2019\/08\/21\/projeto-de-pedro-tavares-que-visa-alerta-contra-doencas-da-tireoide-e-aprovado-na-alba\/","title":{"rendered":"PROJETO DE PEDRO TAVARES QUE VISA ALERTA CONTRA DOEN\u00c7AS DA TIREOIDE \u00c9 APROVADO NA ALBA"},"content":{"rendered":"<p><a href=\"https:\/\/www.sudoestehoje.com.br\/novoportal\/wp-content\/uploads\/2019\/08\/IMG-20190820-WA0087.jpg\"><img loading=\"lazy\" decoding=\"async\" class=\"aligncenter size-medium wp-image-81710\" src=\"https:\/\/www.sudoestehoje.com.br\/novoportal\/wp-content\/uploads\/2019\/08\/IMG-20190820-WA0087-500x667.jpg\" alt=\"\" width=\"500\" height=\"667\" srcset=\"https:\/\/www.sudoestehoje.com.br\/novoportal\/wp-content\/uploads\/2019\/08\/IMG-20190820-WA0087-500x667.jpg 500w, https:\/\/www.sudoestehoje.com.br\/novoportal\/wp-content\/uploads\/2019\/08\/IMG-20190820-WA0087.jpg 768w, https:\/\/www.sudoestehoje.com.br\/novoportal\/wp-content\/uploads\/2019\/08\/IMG-20190820-WA0087-675x900.jpg 675w\" sizes=\"auto, (max-width: 500px) 100vw, 500px\" \/><\/a><\/p>\n<p>A Assembleia Legislativa da Bahia aprovou hoje (20\/08), projeto de lei de autoria do deputado estadual Pedro Tavares (DEM), que institui o Dia da Conscientiza\u00e7\u00e3o e combate as doen\u00e7as da gl\u00e2ndula tireoide, no estado da Bahia, a ser comemorado, anualmente, em 24 de maio. Na proposta o deputado defende que devem ser realizadas a\u00e7\u00f5es preventivas e de combate \u00e0s doen\u00e7as da tireoide com o objetivo de conscientizar a popula\u00e7\u00e3o sobre a problem\u00e1tica.<\/p>\n<p>Estima-se que 300 milh\u00f5es de pessoas no mundo sofram de disfun\u00e7\u00f5es na tireoide. No Brasil, de 10% a 15% das mulheres t\u00eam o problema em algum momento da vida, \u00e0s vezes por um determinado lapso temporal, como na gravidez, por processos infecciosos ou uso de medicamentos.<\/p>\n<div>Para Tavares, a aprova\u00e7\u00e3o desse projeto \u00e9 uma conquista, pois tem o intuito de alertar a popula\u00e7\u00e3o sobre os cuidados com a sa\u00fade da tireoide. &#8220;Lembrando que tem sido muito comum casos de pessoas com problemas na gl\u00e2ndula que age na fun\u00e7\u00e3o de \u00f3rg\u00e3os importantes e que \u00e9 essencial o seu bom funcionamento para o completo equil\u00edbrio corporal. Houve esse entendimento entre os pares sobre a import\u00e2ncia de aprovarmos a lei que espero que seja logo sancionada e colocada em pr\u00e1tica. A popula\u00e7\u00e3o precisa ter acesso a informa\u00e7\u00f5es e uma divulga\u00e7\u00e3o sobre doen\u00e7a e suas causas pode evitar muitas ocorr\u00eancias\u201d, afirmou. <em>\/\/Ascom<\/em><\/div>\n","protected":false},"excerpt":{"rendered":"<p>A Assembleia Legislativa da Bahia aprovou hoje (20\/08), projeto de lei de autoria do deputado estadual Pedro Tavares (DEM), que institui o Dia da Conscientiza\u00e7\u00e3o e combate as doen\u00e7as da gl\u00e2ndula tireoide, no estado da Bahia, a ser comemorado, anualmente, em 24 de maio. Na proposta o deputado defende que devem ser realizadas a\u00e7\u00f5es preventivas [&hellip;]<\/p>\n","protected":false},"author":2,"featured_media":81710,"comment_status":"open","ping_status":"open","sticky":false,"template":"","format":"standard","meta":{"footnotes":"","_links_to":"","_links_to_target":""},"categories":[1],"tags":[],"class_list":["post-81709","post","type-post","status-publish","format-standard","has-post-thumbnail","hentry","category-geral"],"views":711,"_links":{"self":[{"href":"https:\/\/www.sudoestehoje.com.br\/novoportal\/wp-json\/wp\/v2\/posts\/81709","targetHints":{"allow":["GET"]}}],"collection":[{"href":"https:\/\/www.sudoestehoje.com.br\/novoportal\/wp-json\/wp\/v2\/posts"}],"about":[{"href":"https:\/\/www.sudoestehoje.com.br\/novoportal\/wp-json\/wp\/v2\/types\/post"}],"author":[{"embeddable":true,"href":"https:\/\/www.sudoestehoje.com.br\/novoportal\/wp-json\/wp\/v2\/users\/2"}],"replies":[{"embeddable":true,"href":"https:\/\/www.sudoestehoje.com.br\/novoportal\/wp-json\/wp\/v2\/comments?post=81709"}],"version-history":[{"count":1,"href":"https:\/\/www.sudoestehoje.com.br\/novoportal\/wp-json\/wp\/v2\/posts\/81709\/revisions"}],"predecessor-version":[{"id":81711,"href":"https:\/\/www.sudoestehoje.com.br\/novoportal\/wp-json\/wp\/v2\/posts\/81709\/revisions\/81711"}],"wp:featuredmedia":[{"embeddable":true,"href":"https:\/\/www.sudoestehoje.com.br\/novoportal\/wp-json\/wp\/v2\/media\/81710"}],"wp:attachment":[{"href":"https:\/\/www.sudoestehoje.com.br\/novoportal\/wp-json\/wp\/v2\/media?parent=81709"}],"wp:term":[{"taxonomy":"category","embeddable":true,"href":"https:\/\/www.sudoestehoje.com.br\/novoportal\/wp-json\/wp\/v2\/categories?post=81709"},{"taxonomy":"post_tag","embeddable":true,"href":"https:\/\/www.sudoestehoje.com.br\/novoportal\/wp-json\/wp\/v2\/tags?post=81709"}],"curies":[{"name":"wp","href":"https:\/\/api.w.org\/{rel}","templated":true}]}}